{"id":10047,"date":"2013-10-28T15:33:29","date_gmt":"2013-10-28T15:33:29","guid":{"rendered":"https:\/\/clusterhabitat.pt\/?p=10047"},"modified":"2024-09-19T11:07:06","modified_gmt":"2024-09-19T11:07:06","slug":"opportunities-for-the-sustainable-habitat-cluster-in-the-new-european-framework-2014","status":"publish","type":"post","link":"https:\/\/clusterhabitat.pt\/en\/opportunities-for-the-sustainable-habitat-cluster-in-the-new-european-framework-2014\/","title":{"rendered":"Opportunities for Cluster Habitat Sustent\u00e1vel in the new European Framework 2014"},"content":{"rendered":"<p>[vc_row][vc_column][vc_column_text]This seminar was held with the aim of promoting the participation of Sustainable Habitat Cluster entities in the 2014-2020 European framework programme. The aim of this seminar is to make the new framework of opportunities known at international and national level through the views of different entities.<\/p>\n<p>&nbsp;<\/p>\n<p>The aim was to learn more about the tools and opportunities in order to better utilise them, bringing together the different working groups already underway within Cluster Habitat Sustent\u00e1vel.<\/p>\n<p>&nbsp;<\/p>\n<p>Communications:<\/p>\n<p>&#8211; Anabela Carvalho\/Marta Candeias (GPPQ &#8211; FCT) Horizon 2020 &#8211; an overview of the new European support framework 2014-2020<\/p>\n<p>&#8211; Pedro Saraiva (President of CCDR-Centro) The Centre Region&#8217;s strategic vision for 2014-2020<\/p>\n<p>&#8211; Miguel Sousa (INOVA+) Opportunities for the Habitat Cluster in Horizon 2020<\/p>\n<p>&#8211; Nuno Soares (INOVA+) Positioning Habitat Cluster SMEs for Horizon 2020<\/p>\n<p>&nbsp;<\/p>\n<p>&nbsp;<\/p>\n<p>[\/vc_column_text][vc_media_grid element_width=&#8221;6&#8243; gap=&#8221;10&#8243; grid_id=&#8221;vc_gid:1726743992063-32bd1939-24c9-3&#8243; include=&#8221;10926,10928,10930,10932&#8243;][\/vc_column][\/vc_row]<\/p>\n","protected":false},"excerpt":{"rendered":"<p>A seminar entitled &#8220;Opportunities for Cluster Habitat Sustent\u00e1vel in the new 2014 European Framework&#8221; was held on 28 October in the Senate Room of the Rectory Building of the University of Aveiro. <\/p>\n","protected":false},"author":4,"featured_media":10926,"comment_status":"closed","ping_status":"closed","sticky":false,"template":"","format":"standard","meta":{"_monsterinsights_skip_tracking":false,"_monsterinsights_sitenote_active":false,"_monsterinsights_sitenote_note":"","_monsterinsights_sitenote_category":0,"footnotes":""},"categories":[63],"tags":[],"class_list":["post-10047","post","type-post","status-publish","format-standard","has-post-thumbnail","hentry","category-noticias"],"yoast_head":"<!-- This site is optimized with the Yoast SEO plugin v27.5 - https:\/\/yoast.com\/product\/yoast-seo-wordpress\/ -->\n<title>Opportunities for Cluster Habitat Sustent\u00e1vel in the new European Framework 2014 - Cluster Habitat Sustent\u00e1vel<\/title>\n<meta name=\"description\" content=\"Opportunities for Cluster Habitat Sustent\u00e1vel in the new European Framework 2014.\" \/>\n<meta name=\"robots\" content=\"index, follow, max-snippet:-1, max-image-preview:large, max-video-preview:-1\" \/>\n<link rel=\"canonical\" href=\"https:\/\/clusterhabitat.pt\/en\/opportunities-for-the-sustainable-habitat-cluster-in-the-new-european-framework-2014\/\" \/>\n<meta property=\"og:locale\" content=\"en_US\" \/>\n<meta property=\"og:type\" content=\"article\" \/>\n<meta property=\"og:title\" content=\"Opportunities for Cluster Habitat Sustent\u00e1vel in the new European Framework 2014 - Cluster Habitat Sustent\u00e1vel\" \/>\n<meta property=\"og:description\" content=\"Opportunities for Cluster Habitat Sustent\u00e1vel in the new European Framework 2014.\" \/>\n<meta property=\"og:url\" content=\"https:\/\/clusterhabitat.pt\/en\/opportunities-for-the-sustainable-habitat-cluster-in-the-new-european-framework-2014\/\" \/>\n<meta property=\"og:site_name\" content=\"Cluster Habitat Sustent\u00e1vel\" \/>\n<meta property=\"article:publisher\" content=\"https:\/\/www.facebook.com\/clusterhabitat\" \/>\n<meta property=\"article:published_time\" content=\"2013-10-28T15:33:29+00:00\" \/>\n<meta property=\"article:modified_time\" content=\"2024-09-19T11:07:06+00:00\" \/>\n<meta property=\"og:image\" content=\"https:\/\/clusterhabitat.pt\/wp-content\/uploads\/2013\/10\/20131028_005_2.png\" \/>\n\t<meta property=\"og:image:width\" content=\"480\" \/>\n\t<meta property=\"og:image:height\" content=\"320\" \/>\n\t<meta property=\"og:image:type\" content=\"image\/png\" \/>\n<meta name=\"author\" content=\"Dep. T\u00e9cnico\" \/>\n<meta name=\"twitter:card\" content=\"summary_large_image\" \/>\n<meta name=\"twitter:creator\" content=\"@ClusterHabitat\" \/>\n<meta name=\"twitter:site\" content=\"@ClusterHabitat\" \/>\n<meta name=\"twitter:label1\" content=\"Written by\" \/>\n\t<meta name=\"twitter:data1\" content=\"Dep. T\u00e9cnico\" \/>\n\t<meta name=\"twitter:label2\" content=\"Est. reading time\" \/>\n\t<meta name=\"twitter:data2\" content=\"2 minutes\" \/>\n<script type=\"application\/ld+json\" class=\"yoast-schema-graph\">{\"@context\":\"https:\\\/\\\/schema.org\",\"@graph\":[{\"@type\":\"Article\",\"@id\":\"https:\\\/\\\/clusterhabitat.pt\\\/en\\\/opportunities-for-the-sustainable-habitat-cluster-in-the-new-european-framework-2014\\\/#article\",\"isPartOf\":{\"@id\":\"https:\\\/\\\/clusterhabitat.pt\\\/en\\\/opportunities-for-the-sustainable-habitat-cluster-in-the-new-european-framework-2014\\\/\"},\"author\":{\"name\":\"Dep. T\u00e9cnico\",\"@id\":\"https:\\\/\\\/clusterhabitat.pt\\\/#\\\/schema\\\/person\\\/cbf1c9d1fa2a0532efb35af2fa1796cd\"},\"headline\":\"Opportunities for Cluster Habitat Sustent\u00e1vel in the new European Framework 2014\",\"datePublished\":\"2013-10-28T15:33:29+00:00\",\"dateModified\":\"2024-09-19T11:07:06+00:00\",\"mainEntityOfPage\":{\"@id\":\"https:\\\/\\\/clusterhabitat.pt\\\/en\\\/opportunities-for-the-sustainable-habitat-cluster-in-the-new-european-framework-2014\\\/\"},\"wordCount\":177,\"publisher\":{\"@id\":\"https:\\\/\\\/clusterhabitat.pt\\\/#organization\"},\"image\":{\"@id\":\"https:\\\/\\\/clusterhabitat.pt\\\/en\\\/opportunities-for-the-sustainable-habitat-cluster-in-the-new-european-framework-2014\\\/#primaryimage\"},\"thumbnailUrl\":\"https:\\\/\\\/clusterhabitat.pt\\\/wp-content\\\/uploads\\\/2013\\\/10\\\/20131028_005_2.png\",\"articleSection\":[\"News\"],\"inLanguage\":\"en-US\"},{\"@type\":\"WebPage\",\"@id\":\"https:\\\/\\\/clusterhabitat.pt\\\/en\\\/opportunities-for-the-sustainable-habitat-cluster-in-the-new-european-framework-2014\\\/\",\"url\":\"https:\\\/\\\/clusterhabitat.pt\\\/en\\\/opportunities-for-the-sustainable-habitat-cluster-in-the-new-european-framework-2014\\\/\",\"name\":\"Opportunities for Cluster Habitat Sustent\u00e1vel in the new European Framework 2014 - Cluster Habitat Sustent\u00e1vel\",\"isPartOf\":{\"@id\":\"https:\\\/\\\/clusterhabitat.pt\\\/#website\"},\"primaryImageOfPage\":{\"@id\":\"https:\\\/\\\/clusterhabitat.pt\\\/en\\\/opportunities-for-the-sustainable-habitat-cluster-in-the-new-european-framework-2014\\\/#primaryimage\"},\"image\":{\"@id\":\"https:\\\/\\\/clusterhabitat.pt\\\/en\\\/opportunities-for-the-sustainable-habitat-cluster-in-the-new-european-framework-2014\\\/#primaryimage\"},\"thumbnailUrl\":\"https:\\\/\\\/clusterhabitat.pt\\\/wp-content\\\/uploads\\\/2013\\\/10\\\/20131028_005_2.png\",\"datePublished\":\"2013-10-28T15:33:29+00:00\",\"dateModified\":\"2024-09-19T11:07:06+00:00\",\"description\":\"Opportunities for Cluster Habitat Sustent\u00e1vel in the new European Framework 2014.\",\"breadcrumb\":{\"@id\":\"https:\\\/\\\/clusterhabitat.pt\\\/en\\\/opportunities-for-the-sustainable-habitat-cluster-in-the-new-european-framework-2014\\\/#breadcrumb\"},\"inLanguage\":\"en-US\",\"potentialAction\":[{\"@type\":\"ReadAction\",\"target\":[\"https:\\\/\\\/clusterhabitat.pt\\\/en\\\/opportunities-for-the-sustainable-habitat-cluster-in-the-new-european-framework-2014\\\/\"]}]},{\"@type\":\"ImageObject\",\"inLanguage\":\"en-US\",\"@id\":\"https:\\\/\\\/clusterhabitat.pt\\\/en\\\/opportunities-for-the-sustainable-habitat-cluster-in-the-new-european-framework-2014\\\/#primaryimage\",\"url\":\"https:\\\/\\\/clusterhabitat.pt\\\/wp-content\\\/uploads\\\/2013\\\/10\\\/20131028_005_2.png\",\"contentUrl\":\"https:\\\/\\\/clusterhabitat.pt\\\/wp-content\\\/uploads\\\/2013\\\/10\\\/20131028_005_2.png\",\"width\":480,\"height\":320},{\"@type\":\"BreadcrumbList\",\"@id\":\"https:\\\/\\\/clusterhabitat.pt\\\/en\\\/opportunities-for-the-sustainable-habitat-cluster-in-the-new-european-framework-2014\\\/#breadcrumb\",\"itemListElement\":[{\"@type\":\"ListItem\",\"position\":1,\"name\":\"In\u00edcio\",\"item\":\"https:\\\/\\\/clusterhabitat.pt\\\/en\\\/\"},{\"@type\":\"ListItem\",\"position\":2,\"name\":\"Opportunities for Cluster Habitat Sustent\u00e1vel in the new European Framework 2014\"}]},{\"@type\":\"WebSite\",\"@id\":\"https:\\\/\\\/clusterhabitat.pt\\\/#website\",\"url\":\"https:\\\/\\\/clusterhabitat.pt\\\/\",\"name\":\"Cluster Habitat Sustent\u00e1vel\",\"description\":\"\",\"publisher\":{\"@id\":\"https:\\\/\\\/clusterhabitat.pt\\\/#organization\"},\"potentialAction\":[{\"@type\":\"SearchAction\",\"target\":{\"@type\":\"EntryPoint\",\"urlTemplate\":\"https:\\\/\\\/clusterhabitat.pt\\\/?s={search_term_string}\"},\"query-input\":{\"@type\":\"PropertyValueSpecification\",\"valueRequired\":true,\"valueName\":\"search_term_string\"}}],\"inLanguage\":\"en-US\"},{\"@type\":\"Organization\",\"@id\":\"https:\\\/\\\/clusterhabitat.pt\\\/#organization\",\"name\":\"Cluster Habitat Sustent\u00e1vel\",\"url\":\"https:\\\/\\\/clusterhabitat.pt\\\/\",\"logo\":{\"@type\":\"ImageObject\",\"inLanguage\":\"en-US\",\"@id\":\"https:\\\/\\\/clusterhabitat.pt\\\/#\\\/schema\\\/logo\\\/image\\\/\",\"url\":\"https:\\\/\\\/clusterhabitat.pt\\\/wp-content\\\/uploads\\\/2024\\\/01\\\/cropped-Cluster-Logo.png\",\"contentUrl\":\"https:\\\/\\\/clusterhabitat.pt\\\/wp-content\\\/uploads\\\/2024\\\/01\\\/cropped-Cluster-Logo.png\",\"width\":203,\"height\":40,\"caption\":\"Cluster Habitat Sustent\u00e1vel\"},\"image\":{\"@id\":\"https:\\\/\\\/clusterhabitat.pt\\\/#\\\/schema\\\/logo\\\/image\\\/\"},\"sameAs\":[\"https:\\\/\\\/www.facebook.com\\\/clusterhabitat\",\"https:\\\/\\\/x.com\\\/ClusterHabitat\",\"https:\\\/\\\/www.linkedin.com\\\/company\\\/associao-plataforma-para-a-construo-sustentvel\\\/\"]},{\"@type\":\"Person\",\"@id\":\"https:\\\/\\\/clusterhabitat.pt\\\/#\\\/schema\\\/person\\\/cbf1c9d1fa2a0532efb35af2fa1796cd\",\"name\":\"Dep. T\u00e9cnico\",\"image\":{\"@type\":\"ImageObject\",\"inLanguage\":\"en-US\",\"@id\":\"https:\\\/\\\/clusterhabitat.pt\\\/wp-content\\\/litespeed\\\/avatar\\\/c919d1d4cd45951b510dc414a77e01c1.jpg?ver=1777433525\",\"url\":\"https:\\\/\\\/clusterhabitat.pt\\\/wp-content\\\/litespeed\\\/avatar\\\/c919d1d4cd45951b510dc414a77e01c1.jpg?ver=1777433525\",\"contentUrl\":\"https:\\\/\\\/clusterhabitat.pt\\\/wp-content\\\/litespeed\\\/avatar\\\/c919d1d4cd45951b510dc414a77e01c1.jpg?ver=1777433525\",\"caption\":\"Dep. T\u00e9cnico\"},\"url\":\"https:\\\/\\\/clusterhabitat.pt\\\/en\\\/author\\\/deptecnico\\\/\"}]}<\/script>\n<!-- \/ Yoast SEO plugin. -->","yoast_head_json":{"title":"Opportunities for Cluster Habitat Sustent\u00e1vel in the new European Framework 2014 - Cluster Habitat Sustent\u00e1vel","description":"Opportunities for Cluster Habitat Sustent\u00e1vel in the new European Framework 2014.","robots":{"index":"index","follow":"follow","max-snippet":"max-snippet:-1","max-image-preview":"max-image-preview:large","max-video-preview":"max-video-preview:-1"},"canonical":"https:\/\/clusterhabitat.pt\/en\/opportunities-for-the-sustainable-habitat-cluster-in-the-new-european-framework-2014\/","og_locale":"en_US","og_type":"article","og_title":"Opportunities for Cluster Habitat Sustent\u00e1vel in the new European Framework 2014 - Cluster Habitat Sustent\u00e1vel","og_description":"Opportunities for Cluster Habitat Sustent\u00e1vel in the new European Framework 2014.","og_url":"https:\/\/clusterhabitat.pt\/en\/opportunities-for-the-sustainable-habitat-cluster-in-the-new-european-framework-2014\/","og_site_name":"Cluster Habitat Sustent\u00e1vel","article_publisher":"https:\/\/www.facebook.com\/clusterhabitat","article_published_time":"2013-10-28T15:33:29+00:00","article_modified_time":"2024-09-19T11:07:06+00:00","og_image":[{"width":480,"height":320,"url":"https:\/\/clusterhabitat.pt\/wp-content\/uploads\/2013\/10\/20131028_005_2.png","type":"image\/png"}],"author":"Dep. T\u00e9cnico","twitter_card":"summary_large_image","twitter_creator":"@ClusterHabitat","twitter_site":"@ClusterHabitat","twitter_misc":{"Written by":"Dep. T\u00e9cnico","Est. reading time":"2 minutes"},"schema":{"@context":"https:\/\/schema.org","@graph":[{"@type":"Article","@id":"https:\/\/clusterhabitat.pt\/en\/opportunities-for-the-sustainable-habitat-cluster-in-the-new-european-framework-2014\/#article","isPartOf":{"@id":"https:\/\/clusterhabitat.pt\/en\/opportunities-for-the-sustainable-habitat-cluster-in-the-new-european-framework-2014\/"},"author":{"name":"Dep. T\u00e9cnico","@id":"https:\/\/clusterhabitat.pt\/#\/schema\/person\/cbf1c9d1fa2a0532efb35af2fa1796cd"},"headline":"Opportunities for Cluster Habitat Sustent\u00e1vel in the new European Framework 2014","datePublished":"2013-10-28T15:33:29+00:00","dateModified":"2024-09-19T11:07:06+00:00","mainEntityOfPage":{"@id":"https:\/\/clusterhabitat.pt\/en\/opportunities-for-the-sustainable-habitat-cluster-in-the-new-european-framework-2014\/"},"wordCount":177,"publisher":{"@id":"https:\/\/clusterhabitat.pt\/#organization"},"image":{"@id":"https:\/\/clusterhabitat.pt\/en\/opportunities-for-the-sustainable-habitat-cluster-in-the-new-european-framework-2014\/#primaryimage"},"thumbnailUrl":"https:\/\/clusterhabitat.pt\/wp-content\/uploads\/2013\/10\/20131028_005_2.png","articleSection":["News"],"inLanguage":"en-US"},{"@type":"WebPage","@id":"https:\/\/clusterhabitat.pt\/en\/opportunities-for-the-sustainable-habitat-cluster-in-the-new-european-framework-2014\/","url":"https:\/\/clusterhabitat.pt\/en\/opportunities-for-the-sustainable-habitat-cluster-in-the-new-european-framework-2014\/","name":"Opportunities for Cluster Habitat Sustent\u00e1vel in the new European Framework 2014 - Cluster Habitat Sustent\u00e1vel","isPartOf":{"@id":"https:\/\/clusterhabitat.pt\/#website"},"primaryImageOfPage":{"@id":"https:\/\/clusterhabitat.pt\/en\/opportunities-for-the-sustainable-habitat-cluster-in-the-new-european-framework-2014\/#primaryimage"},"image":{"@id":"https:\/\/clusterhabitat.pt\/en\/opportunities-for-the-sustainable-habitat-cluster-in-the-new-european-framework-2014\/#primaryimage"},"thumbnailUrl":"https:\/\/clusterhabitat.pt\/wp-content\/uploads\/2013\/10\/20131028_005_2.png","datePublished":"2013-10-28T15:33:29+00:00","dateModified":"2024-09-19T11:07:06+00:00","description":"Opportunities for Cluster Habitat Sustent\u00e1vel in the new European Framework 2014.","breadcrumb":{"@id":"https:\/\/clusterhabitat.pt\/en\/opportunities-for-the-sustainable-habitat-cluster-in-the-new-european-framework-2014\/#breadcrumb"},"inLanguage":"en-US","potentialAction":[{"@type":"ReadAction","target":["https:\/\/clusterhabitat.pt\/en\/opportunities-for-the-sustainable-habitat-cluster-in-the-new-european-framework-2014\/"]}]},{"@type":"ImageObject","inLanguage":"en-US","@id":"https:\/\/clusterhabitat.pt\/en\/opportunities-for-the-sustainable-habitat-cluster-in-the-new-european-framework-2014\/#primaryimage","url":"https:\/\/clusterhabitat.pt\/wp-content\/uploads\/2013\/10\/20131028_005_2.png","contentUrl":"https:\/\/clusterhabitat.pt\/wp-content\/uploads\/2013\/10\/20131028_005_2.png","width":480,"height":320},{"@type":"BreadcrumbList","@id":"https:\/\/clusterhabitat.pt\/en\/opportunities-for-the-sustainable-habitat-cluster-in-the-new-european-framework-2014\/#breadcrumb","itemListElement":[{"@type":"ListItem","position":1,"name":"In\u00edcio","item":"https:\/\/clusterhabitat.pt\/en\/"},{"@type":"ListItem","position":2,"name":"Opportunities for Cluster Habitat Sustent\u00e1vel in the new European Framework 2014"}]},{"@type":"WebSite","@id":"https:\/\/clusterhabitat.pt\/#website","url":"https:\/\/clusterhabitat.pt\/","name":"Cluster Habitat Sustent\u00e1vel","description":"","publisher":{"@id":"https:\/\/clusterhabitat.pt\/#organization"},"potentialAction":[{"@type":"SearchAction","target":{"@type":"EntryPoint","urlTemplate":"https:\/\/clusterhabitat.pt\/?s={search_term_string}"},"query-input":{"@type":"PropertyValueSpecification","valueRequired":true,"valueName":"search_term_string"}}],"inLanguage":"en-US"},{"@type":"Organization","@id":"https:\/\/clusterhabitat.pt\/#organization","name":"Cluster Habitat Sustent\u00e1vel","url":"https:\/\/clusterhabitat.pt\/","logo":{"@type":"ImageObject","inLanguage":"en-US","@id":"https:\/\/clusterhabitat.pt\/#\/schema\/logo\/image\/","url":"https:\/\/clusterhabitat.pt\/wp-content\/uploads\/2024\/01\/cropped-Cluster-Logo.png","contentUrl":"https:\/\/clusterhabitat.pt\/wp-content\/uploads\/2024\/01\/cropped-Cluster-Logo.png","width":203,"height":40,"caption":"Cluster Habitat Sustent\u00e1vel"},"image":{"@id":"https:\/\/clusterhabitat.pt\/#\/schema\/logo\/image\/"},"sameAs":["https:\/\/www.facebook.com\/clusterhabitat","https:\/\/x.com\/ClusterHabitat","https:\/\/www.linkedin.com\/company\/associao-plataforma-para-a-construo-sustentvel\/"]},{"@type":"Person","@id":"https:\/\/clusterhabitat.pt\/#\/schema\/person\/cbf1c9d1fa2a0532efb35af2fa1796cd","name":"Dep. T\u00e9cnico","image":{"@type":"ImageObject","inLanguage":"en-US","@id":"https:\/\/clusterhabitat.pt\/wp-content\/litespeed\/avatar\/c919d1d4cd45951b510dc414a77e01c1.jpg?ver=1777433525","url":"https:\/\/clusterhabitat.pt\/wp-content\/litespeed\/avatar\/c919d1d4cd45951b510dc414a77e01c1.jpg?ver=1777433525","contentUrl":"https:\/\/clusterhabitat.pt\/wp-content\/litespeed\/avatar\/c919d1d4cd45951b510dc414a77e01c1.jpg?ver=1777433525","caption":"Dep. T\u00e9cnico"},"url":"https:\/\/clusterhabitat.pt\/en\/author\/deptecnico\/"}]}},"_links":{"self":[{"href":"https:\/\/clusterhabitat.pt\/en\/wp-json\/wp\/v2\/posts\/10047","targetHints":{"allow":["GET"]}}],"collection":[{"href":"https:\/\/clusterhabitat.pt\/en\/wp-json\/wp\/v2\/posts"}],"about":[{"href":"https:\/\/clusterhabitat.pt\/en\/wp-json\/wp\/v2\/types\/post"}],"author":[{"embeddable":true,"href":"https:\/\/clusterhabitat.pt\/en\/wp-json\/wp\/v2\/users\/4"}],"replies":[{"embeddable":true,"href":"https:\/\/clusterhabitat.pt\/en\/wp-json\/wp\/v2\/comments?post=10047"}],"version-history":[{"count":3,"href":"https:\/\/clusterhabitat.pt\/en\/wp-json\/wp\/v2\/posts\/10047\/revisions"}],"predecessor-version":[{"id":10935,"href":"https:\/\/clusterhabitat.pt\/en\/wp-json\/wp\/v2\/posts\/10047\/revisions\/10935"}],"wp:featuredmedia":[{"embeddable":true,"href":"https:\/\/clusterhabitat.pt\/en\/wp-json\/wp\/v2\/media\/10926"}],"wp:attachment":[{"href":"https:\/\/clusterhabitat.pt\/en\/wp-json\/wp\/v2\/media?parent=10047"}],"wp:term":[{"taxonomy":"category","embeddable":true,"href":"https:\/\/clusterhabitat.pt\/en\/wp-json\/wp\/v2\/categories?post=10047"},{"taxonomy":"post_tag","embeddable":true,"href":"https:\/\/clusterhabitat.pt\/en\/wp-json\/wp\/v2\/tags?post=10047"}],"curies":[{"name":"wp","href":"https:\/\/api.w.org\/{rel}","templated":true}]}}