{"id":11875,"date":"2025-01-16T10:44:37","date_gmt":"2025-01-16T10:44:37","guid":{"rendered":"https:\/\/clusterhabitat.pt\/cluster-habitat-sustentavel-recognised-as-a-national-competitiveness-cluster-for-the-2024-2030-period\/"},"modified":"2025-01-16T11:44:49","modified_gmt":"2025-01-16T11:44:49","slug":"cluster-habitat-sustentavel-recognised-as-a-national-competitiveness-cluster-for-the-2024-2030-period","status":"publish","type":"post","link":"https:\/\/clusterhabitat.pt\/en\/cluster-habitat-sustentavel-recognised-as-a-national-competitiveness-cluster-for-the-2024-2030-period\/","title":{"rendered":"Cluster Habitat Sustent\u00e1vel recognised as a National Competitiveness Cluster for the 2024-2030 period"},"content":{"rendered":"<p>[vc_row][vc_column][vc_column_text]<\/p>\n<div>\n<p>Cluster Habitat Sustent\u00e1vel has played a key role in promoting the integration of innovative and sustainable solutions in the built environment, bringing together companies, research institutions and other organisations with the aim of fostering competitiveness and sustainability in the different sectors of the value chain it represents. Its recognition as a national competitiveness cluster reinforces its commitment to the transition to a greener and more sustainable economy. <\/p>\n<p>&nbsp;<\/p>\n<p>National competitiveness clusters aim to increase efficiency and innovation in strategic sectors of the Portuguese economy, and are fundamental to competitiveness and the national economy. Therefore, this recognition of clusters by the government is essential to guarantee the continuity of their activities, in line with European and national strategies. <\/p>\n<p>&nbsp;<\/p>\n<p>Know more <a href=\"https:\/\/diariodarepublica.pt\/dr\/detalhe\/despacho\/307-2025-902227012\" target=\"_blank\" rel=\"noopener\">HERE<\/a>.<\/p>\n<\/div>\n<p>[\/vc_column_text][\/vc_column][\/vc_row]<\/p>\n","protected":false},"excerpt":{"rendered":"<p>Cluster Habitat Sustent\u00e1vel has been recognised by the Portuguese government as one of the 17 national competitiveness clusters for the period 2024 to 2030, according to dispatch no. 307\/2025, published in the Di\u00e1rio da Rep\u00fablica on 7 January 2025. This recognition highlights the Cluster&#8217;s importance in representing and boosting actions in favour of the Habitat value chain in Portugal.<\/p>\n","protected":false},"author":3,"featured_media":11872,"comment_status":"closed","ping_status":"closed","sticky":false,"template":"","format":"standard","meta":{"_monsterinsights_skip_tracking":false,"_monsterinsights_sitenote_active":false,"_monsterinsights_sitenote_note":"","_monsterinsights_sitenote_category":0,"footnotes":""},"categories":[63],"tags":[],"class_list":["post-11875","post","type-post","status-publish","format-standard","has-post-thumbnail","hentry","category-noticias"],"yoast_head":"<!-- This site is optimized with the Yoast SEO plugin v27.5 - https:\/\/yoast.com\/product\/yoast-seo-wordpress\/ -->\n<title>Cluster Habitat Sustent\u00e1vel recognised as a National Competitiveness Cluster for the 2024-2030 period - Cluster Habitat Sustent\u00e1vel<\/title>\n<meta name=\"description\" content=\"Cluster Habitat Sustent\u00e1vel recognised as a National Competitiveness Cluster for the 2024-2030 period. Know more here.\" \/>\n<meta name=\"robots\" content=\"index, follow, max-snippet:-1, max-image-preview:large, max-video-preview:-1\" \/>\n<link rel=\"canonical\" href=\"https:\/\/clusterhabitat.pt\/en\/cluster-habitat-sustentavel-recognised-as-a-national-competitiveness-cluster-for-the-2024-2030-period\/\" \/>\n<meta property=\"og:locale\" content=\"en_US\" \/>\n<meta property=\"og:type\" content=\"article\" \/>\n<meta property=\"og:title\" content=\"Cluster Habitat Sustent\u00e1vel recognised as a National Competitiveness Cluster for the 2024-2030 period - Cluster Habitat Sustent\u00e1vel\" \/>\n<meta property=\"og:description\" content=\"Cluster Habitat Sustent\u00e1vel recognised as a National Competitiveness Cluster for the 2024-2030 period. Know more here.\" \/>\n<meta property=\"og:url\" content=\"https:\/\/clusterhabitat.pt\/en\/cluster-habitat-sustentavel-recognised-as-a-national-competitiveness-cluster-for-the-2024-2030-period\/\" \/>\n<meta property=\"og:site_name\" content=\"Cluster Habitat Sustent\u00e1vel\" \/>\n<meta property=\"article:publisher\" content=\"https:\/\/www.facebook.com\/clusterhabitat\" \/>\n<meta property=\"article:published_time\" content=\"2025-01-16T10:44:37+00:00\" \/>\n<meta property=\"article:modified_time\" content=\"2025-01-16T11:44:49+00:00\" \/>\n<meta property=\"og:image\" content=\"https:\/\/clusterhabitat.pt\/wp-content\/uploads\/2025\/01\/Untitled-1-copy-2-01.png\" \/>\n\t<meta property=\"og:image:width\" content=\"1667\" \/>\n\t<meta property=\"og:image:height\" content=\"1667\" \/>\n\t<meta property=\"og:image:type\" content=\"image\/png\" \/>\n<meta name=\"author\" content=\"Marketing\" \/>\n<meta name=\"twitter:card\" content=\"summary_large_image\" \/>\n<meta name=\"twitter:creator\" content=\"@ClusterHabitat\" \/>\n<meta name=\"twitter:site\" content=\"@ClusterHabitat\" \/>\n<meta name=\"twitter:label1\" content=\"Written by\" \/>\n\t<meta name=\"twitter:data1\" content=\"Marketing\" \/>\n\t<meta name=\"twitter:label2\" content=\"Est. reading time\" \/>\n\t<meta name=\"twitter:data2\" content=\"1 minute\" \/>\n<script type=\"application\/ld+json\" class=\"yoast-schema-graph\">{\"@context\":\"https:\\\/\\\/schema.org\",\"@graph\":[{\"@type\":\"Article\",\"@id\":\"https:\\\/\\\/clusterhabitat.pt\\\/en\\\/cluster-habitat-sustentavel-recognised-as-a-national-competitiveness-cluster-for-the-2024-2030-period\\\/#article\",\"isPartOf\":{\"@id\":\"https:\\\/\\\/clusterhabitat.pt\\\/en\\\/cluster-habitat-sustentavel-recognised-as-a-national-competitiveness-cluster-for-the-2024-2030-period\\\/\"},\"author\":{\"name\":\"Marketing\",\"@id\":\"https:\\\/\\\/clusterhabitat.pt\\\/#\\\/schema\\\/person\\\/5e5eae6b6d2feef1be163561675d9316\"},\"headline\":\"Cluster Habitat Sustent\u00e1vel recognised as a National Competitiveness Cluster for the 2024-2030 period\",\"datePublished\":\"2025-01-16T10:44:37+00:00\",\"dateModified\":\"2025-01-16T11:44:49+00:00\",\"mainEntityOfPage\":{\"@id\":\"https:\\\/\\\/clusterhabitat.pt\\\/en\\\/cluster-habitat-sustentavel-recognised-as-a-national-competitiveness-cluster-for-the-2024-2030-period\\\/\"},\"wordCount\":150,\"publisher\":{\"@id\":\"https:\\\/\\\/clusterhabitat.pt\\\/#organization\"},\"image\":{\"@id\":\"https:\\\/\\\/clusterhabitat.pt\\\/en\\\/cluster-habitat-sustentavel-recognised-as-a-national-competitiveness-cluster-for-the-2024-2030-period\\\/#primaryimage\"},\"thumbnailUrl\":\"https:\\\/\\\/clusterhabitat.pt\\\/wp-content\\\/uploads\\\/2025\\\/01\\\/Untitled-1-copy-2-01.png\",\"articleSection\":[\"News\"],\"inLanguage\":\"en-US\"},{\"@type\":\"WebPage\",\"@id\":\"https:\\\/\\\/clusterhabitat.pt\\\/en\\\/cluster-habitat-sustentavel-recognised-as-a-national-competitiveness-cluster-for-the-2024-2030-period\\\/\",\"url\":\"https:\\\/\\\/clusterhabitat.pt\\\/en\\\/cluster-habitat-sustentavel-recognised-as-a-national-competitiveness-cluster-for-the-2024-2030-period\\\/\",\"name\":\"Cluster Habitat Sustent\u00e1vel recognised as a National Competitiveness Cluster for the 2024-2030 period - Cluster Habitat Sustent\u00e1vel\",\"isPartOf\":{\"@id\":\"https:\\\/\\\/clusterhabitat.pt\\\/#website\"},\"primaryImageOfPage\":{\"@id\":\"https:\\\/\\\/clusterhabitat.pt\\\/en\\\/cluster-habitat-sustentavel-recognised-as-a-national-competitiveness-cluster-for-the-2024-2030-period\\\/#primaryimage\"},\"image\":{\"@id\":\"https:\\\/\\\/clusterhabitat.pt\\\/en\\\/cluster-habitat-sustentavel-recognised-as-a-national-competitiveness-cluster-for-the-2024-2030-period\\\/#primaryimage\"},\"thumbnailUrl\":\"https:\\\/\\\/clusterhabitat.pt\\\/wp-content\\\/uploads\\\/2025\\\/01\\\/Untitled-1-copy-2-01.png\",\"datePublished\":\"2025-01-16T10:44:37+00:00\",\"dateModified\":\"2025-01-16T11:44:49+00:00\",\"description\":\"Cluster Habitat Sustent\u00e1vel recognised as a National Competitiveness Cluster for the 2024-2030 period. Know more here.\",\"breadcrumb\":{\"@id\":\"https:\\\/\\\/clusterhabitat.pt\\\/en\\\/cluster-habitat-sustentavel-recognised-as-a-national-competitiveness-cluster-for-the-2024-2030-period\\\/#breadcrumb\"},\"inLanguage\":\"en-US\",\"potentialAction\":[{\"@type\":\"ReadAction\",\"target\":[\"https:\\\/\\\/clusterhabitat.pt\\\/en\\\/cluster-habitat-sustentavel-recognised-as-a-national-competitiveness-cluster-for-the-2024-2030-period\\\/\"]}]},{\"@type\":\"ImageObject\",\"inLanguage\":\"en-US\",\"@id\":\"https:\\\/\\\/clusterhabitat.pt\\\/en\\\/cluster-habitat-sustentavel-recognised-as-a-national-competitiveness-cluster-for-the-2024-2030-period\\\/#primaryimage\",\"url\":\"https:\\\/\\\/clusterhabitat.pt\\\/wp-content\\\/uploads\\\/2025\\\/01\\\/Untitled-1-copy-2-01.png\",\"contentUrl\":\"https:\\\/\\\/clusterhabitat.pt\\\/wp-content\\\/uploads\\\/2025\\\/01\\\/Untitled-1-copy-2-01.png\",\"width\":1667,\"height\":1667},{\"@type\":\"BreadcrumbList\",\"@id\":\"https:\\\/\\\/clusterhabitat.pt\\\/en\\\/cluster-habitat-sustentavel-recognised-as-a-national-competitiveness-cluster-for-the-2024-2030-period\\\/#breadcrumb\",\"itemListElement\":[{\"@type\":\"ListItem\",\"position\":1,\"name\":\"In\u00edcio\",\"item\":\"https:\\\/\\\/clusterhabitat.pt\\\/en\\\/\"},{\"@type\":\"ListItem\",\"position\":2,\"name\":\"Cluster Habitat Sustent\u00e1vel recognised as a National Competitiveness Cluster for the 2024-2030 period\"}]},{\"@type\":\"WebSite\",\"@id\":\"https:\\\/\\\/clusterhabitat.pt\\\/#website\",\"url\":\"https:\\\/\\\/clusterhabitat.pt\\\/\",\"name\":\"Cluster Habitat Sustent\u00e1vel\",\"description\":\"\",\"publisher\":{\"@id\":\"https:\\\/\\\/clusterhabitat.pt\\\/#organization\"},\"potentialAction\":[{\"@type\":\"SearchAction\",\"target\":{\"@type\":\"EntryPoint\",\"urlTemplate\":\"https:\\\/\\\/clusterhabitat.pt\\\/?s={search_term_string}\"},\"query-input\":{\"@type\":\"PropertyValueSpecification\",\"valueRequired\":true,\"valueName\":\"search_term_string\"}}],\"inLanguage\":\"en-US\"},{\"@type\":\"Organization\",\"@id\":\"https:\\\/\\\/clusterhabitat.pt\\\/#organization\",\"name\":\"Cluster Habitat Sustent\u00e1vel\",\"url\":\"https:\\\/\\\/clusterhabitat.pt\\\/\",\"logo\":{\"@type\":\"ImageObject\",\"inLanguage\":\"en-US\",\"@id\":\"https:\\\/\\\/clusterhabitat.pt\\\/#\\\/schema\\\/logo\\\/image\\\/\",\"url\":\"https:\\\/\\\/clusterhabitat.pt\\\/wp-content\\\/uploads\\\/2024\\\/01\\\/cropped-Cluster-Logo.png\",\"contentUrl\":\"https:\\\/\\\/clusterhabitat.pt\\\/wp-content\\\/uploads\\\/2024\\\/01\\\/cropped-Cluster-Logo.png\",\"width\":203,\"height\":40,\"caption\":\"Cluster Habitat Sustent\u00e1vel\"},\"image\":{\"@id\":\"https:\\\/\\\/clusterhabitat.pt\\\/#\\\/schema\\\/logo\\\/image\\\/\"},\"sameAs\":[\"https:\\\/\\\/www.facebook.com\\\/clusterhabitat\",\"https:\\\/\\\/x.com\\\/ClusterHabitat\",\"https:\\\/\\\/www.linkedin.com\\\/company\\\/associao-plataforma-para-a-construo-sustentvel\\\/\"]},{\"@type\":\"Person\",\"@id\":\"https:\\\/\\\/clusterhabitat.pt\\\/#\\\/schema\\\/person\\\/5e5eae6b6d2feef1be163561675d9316\",\"name\":\"Marketing\",\"image\":{\"@type\":\"ImageObject\",\"inLanguage\":\"en-US\",\"@id\":\"https:\\\/\\\/clusterhabitat.pt\\\/wp-content\\\/litespeed\\\/avatar\\\/ba32b5ea3f9d75a03670176cf00cd944.jpg?ver=1777434486\",\"url\":\"https:\\\/\\\/clusterhabitat.pt\\\/wp-content\\\/litespeed\\\/avatar\\\/ba32b5ea3f9d75a03670176cf00cd944.jpg?ver=1777434486\",\"contentUrl\":\"https:\\\/\\\/clusterhabitat.pt\\\/wp-content\\\/litespeed\\\/avatar\\\/ba32b5ea3f9d75a03670176cf00cd944.jpg?ver=1777434486\",\"caption\":\"Marketing\"},\"url\":\"https:\\\/\\\/clusterhabitat.pt\\\/en\\\/author\\\/marketing\\\/\"}]}<\/script>\n<!-- \/ Yoast SEO plugin. -->","yoast_head_json":{"title":"Cluster Habitat Sustent\u00e1vel recognised as a National Competitiveness Cluster for the 2024-2030 period - Cluster Habitat Sustent\u00e1vel","description":"Cluster Habitat Sustent\u00e1vel recognised as a National Competitiveness Cluster for the 2024-2030 period. Know more here.","robots":{"index":"index","follow":"follow","max-snippet":"max-snippet:-1","max-image-preview":"max-image-preview:large","max-video-preview":"max-video-preview:-1"},"canonical":"https:\/\/clusterhabitat.pt\/en\/cluster-habitat-sustentavel-recognised-as-a-national-competitiveness-cluster-for-the-2024-2030-period\/","og_locale":"en_US","og_type":"article","og_title":"Cluster Habitat Sustent\u00e1vel recognised as a National Competitiveness Cluster for the 2024-2030 period - Cluster Habitat Sustent\u00e1vel","og_description":"Cluster Habitat Sustent\u00e1vel recognised as a National Competitiveness Cluster for the 2024-2030 period. Know more here.","og_url":"https:\/\/clusterhabitat.pt\/en\/cluster-habitat-sustentavel-recognised-as-a-national-competitiveness-cluster-for-the-2024-2030-period\/","og_site_name":"Cluster Habitat Sustent\u00e1vel","article_publisher":"https:\/\/www.facebook.com\/clusterhabitat","article_published_time":"2025-01-16T10:44:37+00:00","article_modified_time":"2025-01-16T11:44:49+00:00","og_image":[{"width":1667,"height":1667,"url":"https:\/\/clusterhabitat.pt\/wp-content\/uploads\/2025\/01\/Untitled-1-copy-2-01.png","type":"image\/png"}],"author":"Marketing","twitter_card":"summary_large_image","twitter_creator":"@ClusterHabitat","twitter_site":"@ClusterHabitat","twitter_misc":{"Written by":"Marketing","Est. reading time":"1 minute"},"schema":{"@context":"https:\/\/schema.org","@graph":[{"@type":"Article","@id":"https:\/\/clusterhabitat.pt\/en\/cluster-habitat-sustentavel-recognised-as-a-national-competitiveness-cluster-for-the-2024-2030-period\/#article","isPartOf":{"@id":"https:\/\/clusterhabitat.pt\/en\/cluster-habitat-sustentavel-recognised-as-a-national-competitiveness-cluster-for-the-2024-2030-period\/"},"author":{"name":"Marketing","@id":"https:\/\/clusterhabitat.pt\/#\/schema\/person\/5e5eae6b6d2feef1be163561675d9316"},"headline":"Cluster Habitat Sustent\u00e1vel recognised as a National Competitiveness Cluster for the 2024-2030 period","datePublished":"2025-01-16T10:44:37+00:00","dateModified":"2025-01-16T11:44:49+00:00","mainEntityOfPage":{"@id":"https:\/\/clusterhabitat.pt\/en\/cluster-habitat-sustentavel-recognised-as-a-national-competitiveness-cluster-for-the-2024-2030-period\/"},"wordCount":150,"publisher":{"@id":"https:\/\/clusterhabitat.pt\/#organization"},"image":{"@id":"https:\/\/clusterhabitat.pt\/en\/cluster-habitat-sustentavel-recognised-as-a-national-competitiveness-cluster-for-the-2024-2030-period\/#primaryimage"},"thumbnailUrl":"https:\/\/clusterhabitat.pt\/wp-content\/uploads\/2025\/01\/Untitled-1-copy-2-01.png","articleSection":["News"],"inLanguage":"en-US"},{"@type":"WebPage","@id":"https:\/\/clusterhabitat.pt\/en\/cluster-habitat-sustentavel-recognised-as-a-national-competitiveness-cluster-for-the-2024-2030-period\/","url":"https:\/\/clusterhabitat.pt\/en\/cluster-habitat-sustentavel-recognised-as-a-national-competitiveness-cluster-for-the-2024-2030-period\/","name":"Cluster Habitat Sustent\u00e1vel recognised as a National Competitiveness Cluster for the 2024-2030 period - Cluster Habitat Sustent\u00e1vel","isPartOf":{"@id":"https:\/\/clusterhabitat.pt\/#website"},"primaryImageOfPage":{"@id":"https:\/\/clusterhabitat.pt\/en\/cluster-habitat-sustentavel-recognised-as-a-national-competitiveness-cluster-for-the-2024-2030-period\/#primaryimage"},"image":{"@id":"https:\/\/clusterhabitat.pt\/en\/cluster-habitat-sustentavel-recognised-as-a-national-competitiveness-cluster-for-the-2024-2030-period\/#primaryimage"},"thumbnailUrl":"https:\/\/clusterhabitat.pt\/wp-content\/uploads\/2025\/01\/Untitled-1-copy-2-01.png","datePublished":"2025-01-16T10:44:37+00:00","dateModified":"2025-01-16T11:44:49+00:00","description":"Cluster Habitat Sustent\u00e1vel recognised as a National Competitiveness Cluster for the 2024-2030 period. Know more here.","breadcrumb":{"@id":"https:\/\/clusterhabitat.pt\/en\/cluster-habitat-sustentavel-recognised-as-a-national-competitiveness-cluster-for-the-2024-2030-period\/#breadcrumb"},"inLanguage":"en-US","potentialAction":[{"@type":"ReadAction","target":["https:\/\/clusterhabitat.pt\/en\/cluster-habitat-sustentavel-recognised-as-a-national-competitiveness-cluster-for-the-2024-2030-period\/"]}]},{"@type":"ImageObject","inLanguage":"en-US","@id":"https:\/\/clusterhabitat.pt\/en\/cluster-habitat-sustentavel-recognised-as-a-national-competitiveness-cluster-for-the-2024-2030-period\/#primaryimage","url":"https:\/\/clusterhabitat.pt\/wp-content\/uploads\/2025\/01\/Untitled-1-copy-2-01.png","contentUrl":"https:\/\/clusterhabitat.pt\/wp-content\/uploads\/2025\/01\/Untitled-1-copy-2-01.png","width":1667,"height":1667},{"@type":"BreadcrumbList","@id":"https:\/\/clusterhabitat.pt\/en\/cluster-habitat-sustentavel-recognised-as-a-national-competitiveness-cluster-for-the-2024-2030-period\/#breadcrumb","itemListElement":[{"@type":"ListItem","position":1,"name":"In\u00edcio","item":"https:\/\/clusterhabitat.pt\/en\/"},{"@type":"ListItem","position":2,"name":"Cluster Habitat Sustent\u00e1vel recognised as a National Competitiveness Cluster for the 2024-2030 period"}]},{"@type":"WebSite","@id":"https:\/\/clusterhabitat.pt\/#website","url":"https:\/\/clusterhabitat.pt\/","name":"Cluster Habitat Sustent\u00e1vel","description":"","publisher":{"@id":"https:\/\/clusterhabitat.pt\/#organization"},"potentialAction":[{"@type":"SearchAction","target":{"@type":"EntryPoint","urlTemplate":"https:\/\/clusterhabitat.pt\/?s={search_term_string}"},"query-input":{"@type":"PropertyValueSpecification","valueRequired":true,"valueName":"search_term_string"}}],"inLanguage":"en-US"},{"@type":"Organization","@id":"https:\/\/clusterhabitat.pt\/#organization","name":"Cluster Habitat Sustent\u00e1vel","url":"https:\/\/clusterhabitat.pt\/","logo":{"@type":"ImageObject","inLanguage":"en-US","@id":"https:\/\/clusterhabitat.pt\/#\/schema\/logo\/image\/","url":"https:\/\/clusterhabitat.pt\/wp-content\/uploads\/2024\/01\/cropped-Cluster-Logo.png","contentUrl":"https:\/\/clusterhabitat.pt\/wp-content\/uploads\/2024\/01\/cropped-Cluster-Logo.png","width":203,"height":40,"caption":"Cluster Habitat Sustent\u00e1vel"},"image":{"@id":"https:\/\/clusterhabitat.pt\/#\/schema\/logo\/image\/"},"sameAs":["https:\/\/www.facebook.com\/clusterhabitat","https:\/\/x.com\/ClusterHabitat","https:\/\/www.linkedin.com\/company\/associao-plataforma-para-a-construo-sustentvel\/"]},{"@type":"Person","@id":"https:\/\/clusterhabitat.pt\/#\/schema\/person\/5e5eae6b6d2feef1be163561675d9316","name":"Marketing","image":{"@type":"ImageObject","inLanguage":"en-US","@id":"https:\/\/clusterhabitat.pt\/wp-content\/litespeed\/avatar\/ba32b5ea3f9d75a03670176cf00cd944.jpg?ver=1777434486","url":"https:\/\/clusterhabitat.pt\/wp-content\/litespeed\/avatar\/ba32b5ea3f9d75a03670176cf00cd944.jpg?ver=1777434486","contentUrl":"https:\/\/clusterhabitat.pt\/wp-content\/litespeed\/avatar\/ba32b5ea3f9d75a03670176cf00cd944.jpg?ver=1777434486","caption":"Marketing"},"url":"https:\/\/clusterhabitat.pt\/en\/author\/marketing\/"}]}},"_links":{"self":[{"href":"https:\/\/clusterhabitat.pt\/en\/wp-json\/wp\/v2\/posts\/11875","targetHints":{"allow":["GET"]}}],"collection":[{"href":"https:\/\/clusterhabitat.pt\/en\/wp-json\/wp\/v2\/posts"}],"about":[{"href":"https:\/\/clusterhabitat.pt\/en\/wp-json\/wp\/v2\/types\/post"}],"author":[{"embeddable":true,"href":"https:\/\/clusterhabitat.pt\/en\/wp-json\/wp\/v2\/users\/3"}],"replies":[{"embeddable":true,"href":"https:\/\/clusterhabitat.pt\/en\/wp-json\/wp\/v2\/comments?post=11875"}],"version-history":[{"count":2,"href":"https:\/\/clusterhabitat.pt\/en\/wp-json\/wp\/v2\/posts\/11875\/revisions"}],"predecessor-version":[{"id":11877,"href":"https:\/\/clusterhabitat.pt\/en\/wp-json\/wp\/v2\/posts\/11875\/revisions\/11877"}],"wp:featuredmedia":[{"embeddable":true,"href":"https:\/\/clusterhabitat.pt\/en\/wp-json\/wp\/v2\/media\/11872"}],"wp:attachment":[{"href":"https:\/\/clusterhabitat.pt\/en\/wp-json\/wp\/v2\/media?parent=11875"}],"wp:term":[{"taxonomy":"category","embeddable":true,"href":"https:\/\/clusterhabitat.pt\/en\/wp-json\/wp\/v2\/categories?post=11875"},{"taxonomy":"post_tag","embeddable":true,"href":"https:\/\/clusterhabitat.pt\/en\/wp-json\/wp\/v2\/tags?post=11875"}],"curies":[{"name":"wp","href":"https:\/\/api.w.org\/{rel}","templated":true}]}}