{"id":4064,"date":"2024-02-24T14:48:59","date_gmt":"2024-02-24T14:48:59","guid":{"rendered":"https:\/\/clusterhabitat.pt\/sustainable-habitat-cluster-participates-in-conference-magazine-imobiliario-green-real-estate-construction-shapers\/"},"modified":"2024-07-29T11:44:06","modified_gmt":"2024-07-29T11:44:06","slug":"sustainable-habitat-cluster-participates-in-conference-magazine-imobiliario-green-real-estate-construction-shapers","status":"publish","type":"post","link":"https:\/\/clusterhabitat.pt\/en\/sustainable-habitat-cluster-participates-in-conference-magazine-imobiliario-green-real-estate-construction-shapers\/","title":{"rendered":"Cluster Habitat Sustent\u00e1vel participates in Conference &#8220;Magazine Imobili\u00e1rio Green Real Estate &amp; Construction Shapers&#8221;"},"content":{"rendered":"<p>[vc_row][vc_column][vc_column_text]Cluster Habitat Sustent\u00e1vel was invited to participate in this event, as moderator of the \u201c<strong>Green Construction Outlook<\/strong>\u201d panel, which aimed to present the <strong>sustainability<\/strong> state and the challenges that companies face in the <strong>construction<\/strong> and <strong>real estate<\/strong> sectors today.<\/p>\n<p>&nbsp;<\/p>\n<p>&nbsp;<\/p>\n<p>[\/vc_column_text][vc_media_grid style=&#8221;load-more&#8221; items_per_page=&#8221;8&#8243; element_width=&#8221;6&#8243; gap=&#8221;25&#8243; btn_title=&#8221;Load more Images&#8221; btn_style=&#8221;modern&#8221; btn_color=&#8221;default&#8221; btn_size=&#8221;xs&#8221; grid_id=&#8221;vc_gid:1722253416072-34536b57-c0b9-2&#8243; include=&#8221;2983,2985&#8243;][\/vc_column][\/vc_row]<\/p>\n","protected":false},"excerpt":{"rendered":"<p>The Magazine Imobili\u00e1rio Green Real Estate &amp; Construction Shapers Conference, organized by Magazine Imobili\u00e1rio magazine, took place on February 21st, in Lisbon and brought together the greatest experts in the country on the Real Estate, Construction and Environment sectors.<\/p>\n","protected":false},"author":3,"featured_media":2988,"comment_status":"closed","ping_status":"closed","sticky":false,"template":"","format":"standard","meta":{"_monsterinsights_skip_tracking":false,"_monsterinsights_sitenote_active":false,"_monsterinsights_sitenote_note":"","_monsterinsights_sitenote_category":0,"footnotes":""},"categories":[63],"tags":[],"class_list":["post-4064","post","type-post","status-publish","format-standard","has-post-thumbnail","hentry","category-noticias"],"yoast_head":"<!-- This site is optimized with the Yoast SEO plugin v27.5 - https:\/\/yoast.com\/product\/yoast-seo-wordpress\/ -->\n<title>Cluster Habitat Sustent\u00e1vel participates in Conference &quot;Magazine Imobili\u00e1rio Green Real Estate &amp; Construction Shapers&quot; - Cluster Habitat Sustent\u00e1vel<\/title>\n<meta name=\"robots\" content=\"index, follow, max-snippet:-1, max-image-preview:large, max-video-preview:-1\" \/>\n<link rel=\"canonical\" href=\"https:\/\/clusterhabitat.pt\/en\/sustainable-habitat-cluster-participates-in-conference-magazine-imobiliario-green-real-estate-construction-shapers\/\" \/>\n<meta property=\"og:locale\" content=\"en_US\" \/>\n<meta property=\"og:type\" content=\"article\" \/>\n<meta property=\"og:title\" content=\"Cluster Habitat Sustent\u00e1vel participates in Conference &quot;Magazine Imobili\u00e1rio Green Real Estate &amp; Construction Shapers&quot; - Cluster Habitat Sustent\u00e1vel\" \/>\n<meta property=\"og:description\" content=\"The Magazine Imobili\u00e1rio Green Real Estate &amp; Construction Shapers Conference, organized by Magazine Imobili\u00e1rio magazine, took place on February 21st, in Lisbon and brought together the greatest experts in the country on the Real Estate, Construction and Environment sectors.\" \/>\n<meta property=\"og:url\" content=\"https:\/\/clusterhabitat.pt\/en\/sustainable-habitat-cluster-participates-in-conference-magazine-imobiliario-green-real-estate-construction-shapers\/\" \/>\n<meta property=\"og:site_name\" content=\"Cluster Habitat Sustent\u00e1vel\" \/>\n<meta property=\"article:publisher\" content=\"https:\/\/www.facebook.com\/clusterhabitat\" \/>\n<meta property=\"article:published_time\" content=\"2024-02-24T14:48:59+00:00\" \/>\n<meta property=\"article:modified_time\" content=\"2024-07-29T11:44:06+00:00\" \/>\n<meta property=\"og:image\" content=\"https:\/\/clusterhabitat.pt\/wp-content\/uploads\/2024\/03\/3.jpg\" \/>\n\t<meta property=\"og:image:width\" content=\"1500\" \/>\n\t<meta property=\"og:image:height\" content=\"999\" \/>\n\t<meta property=\"og:image:type\" content=\"image\/jpeg\" \/>\n<meta name=\"author\" content=\"Marketing\" \/>\n<meta name=\"twitter:card\" content=\"summary_large_image\" \/>\n<meta name=\"twitter:creator\" content=\"@ClusterHabitat\" \/>\n<meta name=\"twitter:site\" content=\"@ClusterHabitat\" \/>\n<meta name=\"twitter:label1\" content=\"Written by\" \/>\n\t<meta name=\"twitter:data1\" content=\"Marketing\" \/>\n\t<meta name=\"twitter:label2\" content=\"Est. reading time\" \/>\n\t<meta name=\"twitter:data2\" content=\"1 minute\" \/>\n<script type=\"application\/ld+json\" class=\"yoast-schema-graph\">{\"@context\":\"https:\\\/\\\/schema.org\",\"@graph\":[{\"@type\":\"Article\",\"@id\":\"https:\\\/\\\/clusterhabitat.pt\\\/en\\\/sustainable-habitat-cluster-participates-in-conference-magazine-imobiliario-green-real-estate-construction-shapers\\\/#article\",\"isPartOf\":{\"@id\":\"https:\\\/\\\/clusterhabitat.pt\\\/en\\\/sustainable-habitat-cluster-participates-in-conference-magazine-imobiliario-green-real-estate-construction-shapers\\\/\"},\"author\":{\"name\":\"Marketing\",\"@id\":\"https:\\\/\\\/clusterhabitat.pt\\\/#\\\/schema\\\/person\\\/5e5eae6b6d2feef1be163561675d9316\"},\"headline\":\"Cluster Habitat Sustent\u00e1vel participates in Conference &#8220;Magazine Imobili\u00e1rio Green Real Estate &amp; Construction Shapers&#8221;\",\"datePublished\":\"2024-02-24T14:48:59+00:00\",\"dateModified\":\"2024-07-29T11:44:06+00:00\",\"mainEntityOfPage\":{\"@id\":\"https:\\\/\\\/clusterhabitat.pt\\\/en\\\/sustainable-habitat-cluster-participates-in-conference-magazine-imobiliario-green-real-estate-construction-shapers\\\/\"},\"wordCount\":107,\"publisher\":{\"@id\":\"https:\\\/\\\/clusterhabitat.pt\\\/#organization\"},\"image\":{\"@id\":\"https:\\\/\\\/clusterhabitat.pt\\\/en\\\/sustainable-habitat-cluster-participates-in-conference-magazine-imobiliario-green-real-estate-construction-shapers\\\/#primaryimage\"},\"thumbnailUrl\":\"https:\\\/\\\/clusterhabitat.pt\\\/wp-content\\\/uploads\\\/2024\\\/03\\\/3.jpg\",\"articleSection\":[\"News\"],\"inLanguage\":\"en-US\"},{\"@type\":\"WebPage\",\"@id\":\"https:\\\/\\\/clusterhabitat.pt\\\/en\\\/sustainable-habitat-cluster-participates-in-conference-magazine-imobiliario-green-real-estate-construction-shapers\\\/\",\"url\":\"https:\\\/\\\/clusterhabitat.pt\\\/en\\\/sustainable-habitat-cluster-participates-in-conference-magazine-imobiliario-green-real-estate-construction-shapers\\\/\",\"name\":\"Cluster Habitat Sustent\u00e1vel participates in Conference \\\"Magazine Imobili\u00e1rio Green Real Estate &amp; Construction Shapers\\\" - Cluster Habitat Sustent\u00e1vel\",\"isPartOf\":{\"@id\":\"https:\\\/\\\/clusterhabitat.pt\\\/#website\"},\"primaryImageOfPage\":{\"@id\":\"https:\\\/\\\/clusterhabitat.pt\\\/en\\\/sustainable-habitat-cluster-participates-in-conference-magazine-imobiliario-green-real-estate-construction-shapers\\\/#primaryimage\"},\"image\":{\"@id\":\"https:\\\/\\\/clusterhabitat.pt\\\/en\\\/sustainable-habitat-cluster-participates-in-conference-magazine-imobiliario-green-real-estate-construction-shapers\\\/#primaryimage\"},\"thumbnailUrl\":\"https:\\\/\\\/clusterhabitat.pt\\\/wp-content\\\/uploads\\\/2024\\\/03\\\/3.jpg\",\"datePublished\":\"2024-02-24T14:48:59+00:00\",\"dateModified\":\"2024-07-29T11:44:06+00:00\",\"breadcrumb\":{\"@id\":\"https:\\\/\\\/clusterhabitat.pt\\\/en\\\/sustainable-habitat-cluster-participates-in-conference-magazine-imobiliario-green-real-estate-construction-shapers\\\/#breadcrumb\"},\"inLanguage\":\"en-US\",\"potentialAction\":[{\"@type\":\"ReadAction\",\"target\":[\"https:\\\/\\\/clusterhabitat.pt\\\/en\\\/sustainable-habitat-cluster-participates-in-conference-magazine-imobiliario-green-real-estate-construction-shapers\\\/\"]}]},{\"@type\":\"ImageObject\",\"inLanguage\":\"en-US\",\"@id\":\"https:\\\/\\\/clusterhabitat.pt\\\/en\\\/sustainable-habitat-cluster-participates-in-conference-magazine-imobiliario-green-real-estate-construction-shapers\\\/#primaryimage\",\"url\":\"https:\\\/\\\/clusterhabitat.pt\\\/wp-content\\\/uploads\\\/2024\\\/03\\\/3.jpg\",\"contentUrl\":\"https:\\\/\\\/clusterhabitat.pt\\\/wp-content\\\/uploads\\\/2024\\\/03\\\/3.jpg\",\"width\":1500,\"height\":999},{\"@type\":\"BreadcrumbList\",\"@id\":\"https:\\\/\\\/clusterhabitat.pt\\\/en\\\/sustainable-habitat-cluster-participates-in-conference-magazine-imobiliario-green-real-estate-construction-shapers\\\/#breadcrumb\",\"itemListElement\":[{\"@type\":\"ListItem\",\"position\":1,\"name\":\"In\u00edcio\",\"item\":\"https:\\\/\\\/clusterhabitat.pt\\\/en\\\/\"},{\"@type\":\"ListItem\",\"position\":2,\"name\":\"Cluster Habitat Sustent\u00e1vel participates in Conference &#8220;Magazine Imobili\u00e1rio Green Real Estate &amp; Construction Shapers&#8221;\"}]},{\"@type\":\"WebSite\",\"@id\":\"https:\\\/\\\/clusterhabitat.pt\\\/#website\",\"url\":\"https:\\\/\\\/clusterhabitat.pt\\\/\",\"name\":\"Cluster Habitat Sustent\u00e1vel\",\"description\":\"\",\"publisher\":{\"@id\":\"https:\\\/\\\/clusterhabitat.pt\\\/#organization\"},\"potentialAction\":[{\"@type\":\"SearchAction\",\"target\":{\"@type\":\"EntryPoint\",\"urlTemplate\":\"https:\\\/\\\/clusterhabitat.pt\\\/?s={search_term_string}\"},\"query-input\":{\"@type\":\"PropertyValueSpecification\",\"valueRequired\":true,\"valueName\":\"search_term_string\"}}],\"inLanguage\":\"en-US\"},{\"@type\":\"Organization\",\"@id\":\"https:\\\/\\\/clusterhabitat.pt\\\/#organization\",\"name\":\"Cluster Habitat Sustent\u00e1vel\",\"url\":\"https:\\\/\\\/clusterhabitat.pt\\\/\",\"logo\":{\"@type\":\"ImageObject\",\"inLanguage\":\"en-US\",\"@id\":\"https:\\\/\\\/clusterhabitat.pt\\\/#\\\/schema\\\/logo\\\/image\\\/\",\"url\":\"https:\\\/\\\/clusterhabitat.pt\\\/wp-content\\\/uploads\\\/2024\\\/01\\\/cropped-Cluster-Logo.png\",\"contentUrl\":\"https:\\\/\\\/clusterhabitat.pt\\\/wp-content\\\/uploads\\\/2024\\\/01\\\/cropped-Cluster-Logo.png\",\"width\":203,\"height\":40,\"caption\":\"Cluster Habitat Sustent\u00e1vel\"},\"image\":{\"@id\":\"https:\\\/\\\/clusterhabitat.pt\\\/#\\\/schema\\\/logo\\\/image\\\/\"},\"sameAs\":[\"https:\\\/\\\/www.facebook.com\\\/clusterhabitat\",\"https:\\\/\\\/x.com\\\/ClusterHabitat\",\"https:\\\/\\\/www.linkedin.com\\\/company\\\/associao-plataforma-para-a-construo-sustentvel\\\/\"]},{\"@type\":\"Person\",\"@id\":\"https:\\\/\\\/clusterhabitat.pt\\\/#\\\/schema\\\/person\\\/5e5eae6b6d2feef1be163561675d9316\",\"name\":\"Marketing\",\"image\":{\"@type\":\"ImageObject\",\"inLanguage\":\"en-US\",\"@id\":\"https:\\\/\\\/clusterhabitat.pt\\\/wp-content\\\/litespeed\\\/avatar\\\/ba32b5ea3f9d75a03670176cf00cd944.jpg?ver=1777434486\",\"url\":\"https:\\\/\\\/clusterhabitat.pt\\\/wp-content\\\/litespeed\\\/avatar\\\/ba32b5ea3f9d75a03670176cf00cd944.jpg?ver=1777434486\",\"contentUrl\":\"https:\\\/\\\/clusterhabitat.pt\\\/wp-content\\\/litespeed\\\/avatar\\\/ba32b5ea3f9d75a03670176cf00cd944.jpg?ver=1777434486\",\"caption\":\"Marketing\"},\"url\":\"https:\\\/\\\/clusterhabitat.pt\\\/en\\\/author\\\/marketing\\\/\"}]}<\/script>\n<!-- \/ Yoast SEO plugin. -->","yoast_head_json":{"title":"Cluster Habitat Sustent\u00e1vel participates in Conference \"Magazine Imobili\u00e1rio Green Real Estate &amp; Construction Shapers\" - Cluster Habitat Sustent\u00e1vel","robots":{"index":"index","follow":"follow","max-snippet":"max-snippet:-1","max-image-preview":"max-image-preview:large","max-video-preview":"max-video-preview:-1"},"canonical":"https:\/\/clusterhabitat.pt\/en\/sustainable-habitat-cluster-participates-in-conference-magazine-imobiliario-green-real-estate-construction-shapers\/","og_locale":"en_US","og_type":"article","og_title":"Cluster Habitat Sustent\u00e1vel participates in Conference \"Magazine Imobili\u00e1rio Green Real Estate &amp; Construction Shapers\" - Cluster Habitat Sustent\u00e1vel","og_description":"The Magazine Imobili\u00e1rio Green Real Estate &amp; Construction Shapers Conference, organized by Magazine Imobili\u00e1rio magazine, took place on February 21st, in Lisbon and brought together the greatest experts in the country on the Real Estate, Construction and Environment sectors.","og_url":"https:\/\/clusterhabitat.pt\/en\/sustainable-habitat-cluster-participates-in-conference-magazine-imobiliario-green-real-estate-construction-shapers\/","og_site_name":"Cluster Habitat Sustent\u00e1vel","article_publisher":"https:\/\/www.facebook.com\/clusterhabitat","article_published_time":"2024-02-24T14:48:59+00:00","article_modified_time":"2024-07-29T11:44:06+00:00","og_image":[{"width":1500,"height":999,"url":"https:\/\/clusterhabitat.pt\/wp-content\/uploads\/2024\/03\/3.jpg","type":"image\/jpeg"}],"author":"Marketing","twitter_card":"summary_large_image","twitter_creator":"@ClusterHabitat","twitter_site":"@ClusterHabitat","twitter_misc":{"Written by":"Marketing","Est. reading time":"1 minute"},"schema":{"@context":"https:\/\/schema.org","@graph":[{"@type":"Article","@id":"https:\/\/clusterhabitat.pt\/en\/sustainable-habitat-cluster-participates-in-conference-magazine-imobiliario-green-real-estate-construction-shapers\/#article","isPartOf":{"@id":"https:\/\/clusterhabitat.pt\/en\/sustainable-habitat-cluster-participates-in-conference-magazine-imobiliario-green-real-estate-construction-shapers\/"},"author":{"name":"Marketing","@id":"https:\/\/clusterhabitat.pt\/#\/schema\/person\/5e5eae6b6d2feef1be163561675d9316"},"headline":"Cluster Habitat Sustent\u00e1vel participates in Conference &#8220;Magazine Imobili\u00e1rio Green Real Estate &amp; Construction Shapers&#8221;","datePublished":"2024-02-24T14:48:59+00:00","dateModified":"2024-07-29T11:44:06+00:00","mainEntityOfPage":{"@id":"https:\/\/clusterhabitat.pt\/en\/sustainable-habitat-cluster-participates-in-conference-magazine-imobiliario-green-real-estate-construction-shapers\/"},"wordCount":107,"publisher":{"@id":"https:\/\/clusterhabitat.pt\/#organization"},"image":{"@id":"https:\/\/clusterhabitat.pt\/en\/sustainable-habitat-cluster-participates-in-conference-magazine-imobiliario-green-real-estate-construction-shapers\/#primaryimage"},"thumbnailUrl":"https:\/\/clusterhabitat.pt\/wp-content\/uploads\/2024\/03\/3.jpg","articleSection":["News"],"inLanguage":"en-US"},{"@type":"WebPage","@id":"https:\/\/clusterhabitat.pt\/en\/sustainable-habitat-cluster-participates-in-conference-magazine-imobiliario-green-real-estate-construction-shapers\/","url":"https:\/\/clusterhabitat.pt\/en\/sustainable-habitat-cluster-participates-in-conference-magazine-imobiliario-green-real-estate-construction-shapers\/","name":"Cluster Habitat Sustent\u00e1vel participates in Conference \"Magazine Imobili\u00e1rio Green Real Estate &amp; Construction Shapers\" - Cluster Habitat Sustent\u00e1vel","isPartOf":{"@id":"https:\/\/clusterhabitat.pt\/#website"},"primaryImageOfPage":{"@id":"https:\/\/clusterhabitat.pt\/en\/sustainable-habitat-cluster-participates-in-conference-magazine-imobiliario-green-real-estate-construction-shapers\/#primaryimage"},"image":{"@id":"https:\/\/clusterhabitat.pt\/en\/sustainable-habitat-cluster-participates-in-conference-magazine-imobiliario-green-real-estate-construction-shapers\/#primaryimage"},"thumbnailUrl":"https:\/\/clusterhabitat.pt\/wp-content\/uploads\/2024\/03\/3.jpg","datePublished":"2024-02-24T14:48:59+00:00","dateModified":"2024-07-29T11:44:06+00:00","breadcrumb":{"@id":"https:\/\/clusterhabitat.pt\/en\/sustainable-habitat-cluster-participates-in-conference-magazine-imobiliario-green-real-estate-construction-shapers\/#breadcrumb"},"inLanguage":"en-US","potentialAction":[{"@type":"ReadAction","target":["https:\/\/clusterhabitat.pt\/en\/sustainable-habitat-cluster-participates-in-conference-magazine-imobiliario-green-real-estate-construction-shapers\/"]}]},{"@type":"ImageObject","inLanguage":"en-US","@id":"https:\/\/clusterhabitat.pt\/en\/sustainable-habitat-cluster-participates-in-conference-magazine-imobiliario-green-real-estate-construction-shapers\/#primaryimage","url":"https:\/\/clusterhabitat.pt\/wp-content\/uploads\/2024\/03\/3.jpg","contentUrl":"https:\/\/clusterhabitat.pt\/wp-content\/uploads\/2024\/03\/3.jpg","width":1500,"height":999},{"@type":"BreadcrumbList","@id":"https:\/\/clusterhabitat.pt\/en\/sustainable-habitat-cluster-participates-in-conference-magazine-imobiliario-green-real-estate-construction-shapers\/#breadcrumb","itemListElement":[{"@type":"ListItem","position":1,"name":"In\u00edcio","item":"https:\/\/clusterhabitat.pt\/en\/"},{"@type":"ListItem","position":2,"name":"Cluster Habitat Sustent\u00e1vel participates in Conference &#8220;Magazine Imobili\u00e1rio Green Real Estate &amp; Construction Shapers&#8221;"}]},{"@type":"WebSite","@id":"https:\/\/clusterhabitat.pt\/#website","url":"https:\/\/clusterhabitat.pt\/","name":"Cluster Habitat Sustent\u00e1vel","description":"","publisher":{"@id":"https:\/\/clusterhabitat.pt\/#organization"},"potentialAction":[{"@type":"SearchAction","target":{"@type":"EntryPoint","urlTemplate":"https:\/\/clusterhabitat.pt\/?s={search_term_string}"},"query-input":{"@type":"PropertyValueSpecification","valueRequired":true,"valueName":"search_term_string"}}],"inLanguage":"en-US"},{"@type":"Organization","@id":"https:\/\/clusterhabitat.pt\/#organization","name":"Cluster Habitat Sustent\u00e1vel","url":"https:\/\/clusterhabitat.pt\/","logo":{"@type":"ImageObject","inLanguage":"en-US","@id":"https:\/\/clusterhabitat.pt\/#\/schema\/logo\/image\/","url":"https:\/\/clusterhabitat.pt\/wp-content\/uploads\/2024\/01\/cropped-Cluster-Logo.png","contentUrl":"https:\/\/clusterhabitat.pt\/wp-content\/uploads\/2024\/01\/cropped-Cluster-Logo.png","width":203,"height":40,"caption":"Cluster Habitat Sustent\u00e1vel"},"image":{"@id":"https:\/\/clusterhabitat.pt\/#\/schema\/logo\/image\/"},"sameAs":["https:\/\/www.facebook.com\/clusterhabitat","https:\/\/x.com\/ClusterHabitat","https:\/\/www.linkedin.com\/company\/associao-plataforma-para-a-construo-sustentvel\/"]},{"@type":"Person","@id":"https:\/\/clusterhabitat.pt\/#\/schema\/person\/5e5eae6b6d2feef1be163561675d9316","name":"Marketing","image":{"@type":"ImageObject","inLanguage":"en-US","@id":"https:\/\/clusterhabitat.pt\/wp-content\/litespeed\/avatar\/ba32b5ea3f9d75a03670176cf00cd944.jpg?ver=1777434486","url":"https:\/\/clusterhabitat.pt\/wp-content\/litespeed\/avatar\/ba32b5ea3f9d75a03670176cf00cd944.jpg?ver=1777434486","contentUrl":"https:\/\/clusterhabitat.pt\/wp-content\/litespeed\/avatar\/ba32b5ea3f9d75a03670176cf00cd944.jpg?ver=1777434486","caption":"Marketing"},"url":"https:\/\/clusterhabitat.pt\/en\/author\/marketing\/"}]}},"_links":{"self":[{"href":"https:\/\/clusterhabitat.pt\/en\/wp-json\/wp\/v2\/posts\/4064","targetHints":{"allow":["GET"]}}],"collection":[{"href":"https:\/\/clusterhabitat.pt\/en\/wp-json\/wp\/v2\/posts"}],"about":[{"href":"https:\/\/clusterhabitat.pt\/en\/wp-json\/wp\/v2\/types\/post"}],"author":[{"embeddable":true,"href":"https:\/\/clusterhabitat.pt\/en\/wp-json\/wp\/v2\/users\/3"}],"replies":[{"embeddable":true,"href":"https:\/\/clusterhabitat.pt\/en\/wp-json\/wp\/v2\/comments?post=4064"}],"version-history":[{"count":8,"href":"https:\/\/clusterhabitat.pt\/en\/wp-json\/wp\/v2\/posts\/4064\/revisions"}],"predecessor-version":[{"id":8382,"href":"https:\/\/clusterhabitat.pt\/en\/wp-json\/wp\/v2\/posts\/4064\/revisions\/8382"}],"wp:featuredmedia":[{"embeddable":true,"href":"https:\/\/clusterhabitat.pt\/en\/wp-json\/wp\/v2\/media\/2988"}],"wp:attachment":[{"href":"https:\/\/clusterhabitat.pt\/en\/wp-json\/wp\/v2\/media?parent=4064"}],"wp:term":[{"taxonomy":"category","embeddable":true,"href":"https:\/\/clusterhabitat.pt\/en\/wp-json\/wp\/v2\/categories?post=4064"},{"taxonomy":"post_tag","embeddable":true,"href":"https:\/\/clusterhabitat.pt\/en\/wp-json\/wp\/v2\/tags?post=4064"}],"curies":[{"name":"wp","href":"https:\/\/api.w.org\/{rel}","templated":true}]}}