{"id":4118,"date":"2024-02-01T09:10:32","date_gmt":"2024-02-01T09:10:32","guid":{"rendered":"https:\/\/clusterhabitat.pt\/wooden-construction-under-discussion-in-coimbra\/"},"modified":"2024-07-29T11:45:09","modified_gmt":"2024-07-29T11:45:09","slug":"wooden-construction-under-discussion-in-coimbra","status":"publish","type":"post","link":"https:\/\/clusterhabitat.pt\/en\/wooden-construction-under-discussion-in-coimbra\/","title":{"rendered":"Wooden Construction under discussion in Coimbra"},"content":{"rendered":"<p>[vc_row][vc_column][vc_column_text]This event, which had the partnership and participation of Cluster Habitat Sustent\u00e1vel, had interventions by national and international &#8216;Keynote Speakers&#8217;, about their experience and future perspectives for the sector, presentations of several national and international wooden construction works, such as also of innovative products and technologies on the market, and ended with a moment of sharing experiences and &#8216;networking&#8217; among all participants.<\/p>\n<p>&nbsp;<\/p>\n<p>&nbsp;<\/p>\n<p>[\/vc_column_text][vc_media_grid style=&#8221;load-more&#8221; items_per_page=&#8221;8&#8243; element_width=&#8221;6&#8243; gap=&#8221;25&#8243; btn_title=&#8221;Load more Images&#8221; btn_style=&#8221;modern&#8221; btn_color=&#8221;default&#8221; btn_size=&#8221;xs&#8221; grid_id=&#8221;vc_gid:1722253469645-96e1d850-bbd5-2&#8243; include=&#8221;1067,2963&#8243;][\/vc_column][\/vc_row]<\/p>\n","protected":false},"excerpt":{"rendered":"<p>On the 30th and 31st of January, at the Department of Civil Engineering at the University of Coimbra, SerQ &#8211; Centro de Inova\u00e7\u00e3o e Compet\u00eancias da Floresta and the University of Coimbra (associates of Cluster Habitat Sustent\u00e1vel), organized the \u201cTimberWorQs &#8211; Construction Workshop in Madeira: Architecture, Engineering and Sustainability\u201d.<\/p>\n","protected":false},"author":1,"featured_media":1389,"comment_status":"open","ping_status":"open","sticky":false,"template":"","format":"standard","meta":{"_monsterinsights_skip_tracking":false,"_monsterinsights_sitenote_active":false,"_monsterinsights_sitenote_note":"","_monsterinsights_sitenote_category":0,"footnotes":""},"categories":[63],"tags":[],"class_list":["post-4118","post","type-post","status-publish","format-standard","has-post-thumbnail","hentry","category-noticias"],"yoast_head":"<!-- This site is optimized with the Yoast SEO plugin v27.5 - https:\/\/yoast.com\/product\/yoast-seo-wordpress\/ -->\n<title>Wooden Construction under discussion in Coimbra - Cluster Habitat Sustent\u00e1vel<\/title>\n<meta name=\"robots\" content=\"index, follow, max-snippet:-1, max-image-preview:large, max-video-preview:-1\" \/>\n<link rel=\"canonical\" href=\"https:\/\/clusterhabitat.pt\/en\/wooden-construction-under-discussion-in-coimbra\/\" \/>\n<meta property=\"og:locale\" content=\"en_US\" \/>\n<meta property=\"og:type\" content=\"article\" \/>\n<meta property=\"og:title\" content=\"Wooden Construction under discussion in Coimbra - Cluster Habitat Sustent\u00e1vel\" \/>\n<meta property=\"og:description\" content=\"On the 30th and 31st of January, at the Department of Civil Engineering at the University of Coimbra, SerQ - Centro de Inova\u00e7\u00e3o e Compet\u00eancias da Floresta and the University of Coimbra (associates of Cluster Habitat Sustent\u00e1vel), organized the \u201cTimberWorQs - Construction Workshop in Madeira: Architecture, Engineering and Sustainability\u201d.\" \/>\n<meta property=\"og:url\" content=\"https:\/\/clusterhabitat.pt\/en\/wooden-construction-under-discussion-in-coimbra\/\" \/>\n<meta property=\"og:site_name\" content=\"Cluster Habitat Sustent\u00e1vel\" \/>\n<meta property=\"article:publisher\" content=\"https:\/\/www.facebook.com\/clusterhabitat\" \/>\n<meta property=\"article:published_time\" content=\"2024-02-01T09:10:32+00:00\" \/>\n<meta property=\"article:modified_time\" content=\"2024-07-29T11:45:09+00:00\" \/>\n<meta property=\"og:image\" content=\"https:\/\/clusterhabitat.pt\/wp-content\/uploads\/2024\/02\/1.-Construcao-em-Madeira-em-discussao-em-Coimbra.png\" \/>\n\t<meta property=\"og:image:width\" content=\"1024\" \/>\n\t<meta property=\"og:image:height\" content=\"682\" \/>\n\t<meta property=\"og:image:type\" content=\"image\/png\" \/>\n<meta name=\"author\" content=\"wevolved\" \/>\n<meta name=\"twitter:card\" content=\"summary_large_image\" \/>\n<meta name=\"twitter:creator\" content=\"@ClusterHabitat\" \/>\n<meta name=\"twitter:site\" content=\"@ClusterHabitat\" \/>\n<meta name=\"twitter:label1\" content=\"Written by\" \/>\n\t<meta name=\"twitter:data1\" content=\"wevolved\" \/>\n\t<meta name=\"twitter:label2\" content=\"Est. reading time\" \/>\n\t<meta name=\"twitter:data2\" content=\"2 minutes\" \/>\n<script type=\"application\/ld+json\" class=\"yoast-schema-graph\">{\"@context\":\"https:\\\/\\\/schema.org\",\"@graph\":[{\"@type\":\"Article\",\"@id\":\"https:\\\/\\\/clusterhabitat.pt\\\/en\\\/wooden-construction-under-discussion-in-coimbra\\\/#article\",\"isPartOf\":{\"@id\":\"https:\\\/\\\/clusterhabitat.pt\\\/en\\\/wooden-construction-under-discussion-in-coimbra\\\/\"},\"author\":{\"name\":\"wevolved\",\"@id\":\"https:\\\/\\\/clusterhabitat.pt\\\/#\\\/schema\\\/person\\\/9d4c247ace10455fb300e8fd5ed771c6\"},\"headline\":\"Wooden Construction under discussion in Coimbra\",\"datePublished\":\"2024-02-01T09:10:32+00:00\",\"dateModified\":\"2024-07-29T11:45:09+00:00\",\"mainEntityOfPage\":{\"@id\":\"https:\\\/\\\/clusterhabitat.pt\\\/en\\\/wooden-construction-under-discussion-in-coimbra\\\/\"},\"wordCount\":120,\"commentCount\":0,\"publisher\":{\"@id\":\"https:\\\/\\\/clusterhabitat.pt\\\/#organization\"},\"image\":{\"@id\":\"https:\\\/\\\/clusterhabitat.pt\\\/en\\\/wooden-construction-under-discussion-in-coimbra\\\/#primaryimage\"},\"thumbnailUrl\":\"https:\\\/\\\/clusterhabitat.pt\\\/wp-content\\\/uploads\\\/2024\\\/02\\\/1.-Construcao-em-Madeira-em-discussao-em-Coimbra.png\",\"articleSection\":[\"News\"],\"inLanguage\":\"en-US\",\"potentialAction\":[{\"@type\":\"CommentAction\",\"name\":\"Comment\",\"target\":[\"https:\\\/\\\/clusterhabitat.pt\\\/en\\\/wooden-construction-under-discussion-in-coimbra\\\/#respond\"]}]},{\"@type\":\"WebPage\",\"@id\":\"https:\\\/\\\/clusterhabitat.pt\\\/en\\\/wooden-construction-under-discussion-in-coimbra\\\/\",\"url\":\"https:\\\/\\\/clusterhabitat.pt\\\/en\\\/wooden-construction-under-discussion-in-coimbra\\\/\",\"name\":\"Wooden Construction under discussion in Coimbra - Cluster Habitat Sustent\u00e1vel\",\"isPartOf\":{\"@id\":\"https:\\\/\\\/clusterhabitat.pt\\\/#website\"},\"primaryImageOfPage\":{\"@id\":\"https:\\\/\\\/clusterhabitat.pt\\\/en\\\/wooden-construction-under-discussion-in-coimbra\\\/#primaryimage\"},\"image\":{\"@id\":\"https:\\\/\\\/clusterhabitat.pt\\\/en\\\/wooden-construction-under-discussion-in-coimbra\\\/#primaryimage\"},\"thumbnailUrl\":\"https:\\\/\\\/clusterhabitat.pt\\\/wp-content\\\/uploads\\\/2024\\\/02\\\/1.-Construcao-em-Madeira-em-discussao-em-Coimbra.png\",\"datePublished\":\"2024-02-01T09:10:32+00:00\",\"dateModified\":\"2024-07-29T11:45:09+00:00\",\"breadcrumb\":{\"@id\":\"https:\\\/\\\/clusterhabitat.pt\\\/en\\\/wooden-construction-under-discussion-in-coimbra\\\/#breadcrumb\"},\"inLanguage\":\"en-US\",\"potentialAction\":[{\"@type\":\"ReadAction\",\"target\":[\"https:\\\/\\\/clusterhabitat.pt\\\/en\\\/wooden-construction-under-discussion-in-coimbra\\\/\"]}]},{\"@type\":\"ImageObject\",\"inLanguage\":\"en-US\",\"@id\":\"https:\\\/\\\/clusterhabitat.pt\\\/en\\\/wooden-construction-under-discussion-in-coimbra\\\/#primaryimage\",\"url\":\"https:\\\/\\\/clusterhabitat.pt\\\/wp-content\\\/uploads\\\/2024\\\/02\\\/1.-Construcao-em-Madeira-em-discussao-em-Coimbra.png\",\"contentUrl\":\"https:\\\/\\\/clusterhabitat.pt\\\/wp-content\\\/uploads\\\/2024\\\/02\\\/1.-Construcao-em-Madeira-em-discussao-em-Coimbra.png\",\"width\":1024,\"height\":682},{\"@type\":\"BreadcrumbList\",\"@id\":\"https:\\\/\\\/clusterhabitat.pt\\\/en\\\/wooden-construction-under-discussion-in-coimbra\\\/#breadcrumb\",\"itemListElement\":[{\"@type\":\"ListItem\",\"position\":1,\"name\":\"In\u00edcio\",\"item\":\"https:\\\/\\\/clusterhabitat.pt\\\/en\\\/\"},{\"@type\":\"ListItem\",\"position\":2,\"name\":\"Wooden Construction under discussion in Coimbra\"}]},{\"@type\":\"WebSite\",\"@id\":\"https:\\\/\\\/clusterhabitat.pt\\\/#website\",\"url\":\"https:\\\/\\\/clusterhabitat.pt\\\/\",\"name\":\"Cluster Habitat Sustent\u00e1vel\",\"description\":\"\",\"publisher\":{\"@id\":\"https:\\\/\\\/clusterhabitat.pt\\\/#organization\"},\"potentialAction\":[{\"@type\":\"SearchAction\",\"target\":{\"@type\":\"EntryPoint\",\"urlTemplate\":\"https:\\\/\\\/clusterhabitat.pt\\\/?s={search_term_string}\"},\"query-input\":{\"@type\":\"PropertyValueSpecification\",\"valueRequired\":true,\"valueName\":\"search_term_string\"}}],\"inLanguage\":\"en-US\"},{\"@type\":\"Organization\",\"@id\":\"https:\\\/\\\/clusterhabitat.pt\\\/#organization\",\"name\":\"Cluster Habitat Sustent\u00e1vel\",\"url\":\"https:\\\/\\\/clusterhabitat.pt\\\/\",\"logo\":{\"@type\":\"ImageObject\",\"inLanguage\":\"en-US\",\"@id\":\"https:\\\/\\\/clusterhabitat.pt\\\/#\\\/schema\\\/logo\\\/image\\\/\",\"url\":\"https:\\\/\\\/clusterhabitat.pt\\\/wp-content\\\/uploads\\\/2024\\\/01\\\/cropped-Cluster-Logo.png\",\"contentUrl\":\"https:\\\/\\\/clusterhabitat.pt\\\/wp-content\\\/uploads\\\/2024\\\/01\\\/cropped-Cluster-Logo.png\",\"width\":203,\"height\":40,\"caption\":\"Cluster Habitat Sustent\u00e1vel\"},\"image\":{\"@id\":\"https:\\\/\\\/clusterhabitat.pt\\\/#\\\/schema\\\/logo\\\/image\\\/\"},\"sameAs\":[\"https:\\\/\\\/www.facebook.com\\\/clusterhabitat\",\"https:\\\/\\\/x.com\\\/ClusterHabitat\",\"https:\\\/\\\/www.linkedin.com\\\/company\\\/associao-plataforma-para-a-construo-sustentvel\\\/\"]},{\"@type\":\"Person\",\"@id\":\"https:\\\/\\\/clusterhabitat.pt\\\/#\\\/schema\\\/person\\\/9d4c247ace10455fb300e8fd5ed771c6\",\"name\":\"wevolved\",\"image\":{\"@type\":\"ImageObject\",\"inLanguage\":\"en-US\",\"@id\":\"https:\\\/\\\/clusterhabitat.pt\\\/wp-content\\\/litespeed\\\/avatar\\\/6629dfe926f38e06872e6b4da9daaf83.jpg?ver=1776835774\",\"url\":\"https:\\\/\\\/clusterhabitat.pt\\\/wp-content\\\/litespeed\\\/avatar\\\/6629dfe926f38e06872e6b4da9daaf83.jpg?ver=1776835774\",\"contentUrl\":\"https:\\\/\\\/clusterhabitat.pt\\\/wp-content\\\/litespeed\\\/avatar\\\/6629dfe926f38e06872e6b4da9daaf83.jpg?ver=1776835774\",\"caption\":\"wevolved\"},\"sameAs\":[\"https:\\\/\\\/clusterhabitat.pt\"],\"url\":\"https:\\\/\\\/clusterhabitat.pt\\\/en\\\/author\\\/wevolved\\\/\"}]}<\/script>\n<!-- \/ Yoast SEO plugin. -->","yoast_head_json":{"title":"Wooden Construction under discussion in Coimbra - Cluster Habitat Sustent\u00e1vel","robots":{"index":"index","follow":"follow","max-snippet":"max-snippet:-1","max-image-preview":"max-image-preview:large","max-video-preview":"max-video-preview:-1"},"canonical":"https:\/\/clusterhabitat.pt\/en\/wooden-construction-under-discussion-in-coimbra\/","og_locale":"en_US","og_type":"article","og_title":"Wooden Construction under discussion in Coimbra - Cluster Habitat Sustent\u00e1vel","og_description":"On the 30th and 31st of January, at the Department of Civil Engineering at the University of Coimbra, SerQ - Centro de Inova\u00e7\u00e3o e Compet\u00eancias da Floresta and the University of Coimbra (associates of Cluster Habitat Sustent\u00e1vel), organized the \u201cTimberWorQs - Construction Workshop in Madeira: Architecture, Engineering and Sustainability\u201d.","og_url":"https:\/\/clusterhabitat.pt\/en\/wooden-construction-under-discussion-in-coimbra\/","og_site_name":"Cluster Habitat Sustent\u00e1vel","article_publisher":"https:\/\/www.facebook.com\/clusterhabitat","article_published_time":"2024-02-01T09:10:32+00:00","article_modified_time":"2024-07-29T11:45:09+00:00","og_image":[{"width":1024,"height":682,"url":"https:\/\/clusterhabitat.pt\/wp-content\/uploads\/2024\/02\/1.-Construcao-em-Madeira-em-discussao-em-Coimbra.png","type":"image\/png"}],"author":"wevolved","twitter_card":"summary_large_image","twitter_creator":"@ClusterHabitat","twitter_site":"@ClusterHabitat","twitter_misc":{"Written by":"wevolved","Est. reading time":"2 minutes"},"schema":{"@context":"https:\/\/schema.org","@graph":[{"@type":"Article","@id":"https:\/\/clusterhabitat.pt\/en\/wooden-construction-under-discussion-in-coimbra\/#article","isPartOf":{"@id":"https:\/\/clusterhabitat.pt\/en\/wooden-construction-under-discussion-in-coimbra\/"},"author":{"name":"wevolved","@id":"https:\/\/clusterhabitat.pt\/#\/schema\/person\/9d4c247ace10455fb300e8fd5ed771c6"},"headline":"Wooden Construction under discussion in Coimbra","datePublished":"2024-02-01T09:10:32+00:00","dateModified":"2024-07-29T11:45:09+00:00","mainEntityOfPage":{"@id":"https:\/\/clusterhabitat.pt\/en\/wooden-construction-under-discussion-in-coimbra\/"},"wordCount":120,"commentCount":0,"publisher":{"@id":"https:\/\/clusterhabitat.pt\/#organization"},"image":{"@id":"https:\/\/clusterhabitat.pt\/en\/wooden-construction-under-discussion-in-coimbra\/#primaryimage"},"thumbnailUrl":"https:\/\/clusterhabitat.pt\/wp-content\/uploads\/2024\/02\/1.-Construcao-em-Madeira-em-discussao-em-Coimbra.png","articleSection":["News"],"inLanguage":"en-US","potentialAction":[{"@type":"CommentAction","name":"Comment","target":["https:\/\/clusterhabitat.pt\/en\/wooden-construction-under-discussion-in-coimbra\/#respond"]}]},{"@type":"WebPage","@id":"https:\/\/clusterhabitat.pt\/en\/wooden-construction-under-discussion-in-coimbra\/","url":"https:\/\/clusterhabitat.pt\/en\/wooden-construction-under-discussion-in-coimbra\/","name":"Wooden Construction under discussion in Coimbra - Cluster Habitat Sustent\u00e1vel","isPartOf":{"@id":"https:\/\/clusterhabitat.pt\/#website"},"primaryImageOfPage":{"@id":"https:\/\/clusterhabitat.pt\/en\/wooden-construction-under-discussion-in-coimbra\/#primaryimage"},"image":{"@id":"https:\/\/clusterhabitat.pt\/en\/wooden-construction-under-discussion-in-coimbra\/#primaryimage"},"thumbnailUrl":"https:\/\/clusterhabitat.pt\/wp-content\/uploads\/2024\/02\/1.-Construcao-em-Madeira-em-discussao-em-Coimbra.png","datePublished":"2024-02-01T09:10:32+00:00","dateModified":"2024-07-29T11:45:09+00:00","breadcrumb":{"@id":"https:\/\/clusterhabitat.pt\/en\/wooden-construction-under-discussion-in-coimbra\/#breadcrumb"},"inLanguage":"en-US","potentialAction":[{"@type":"ReadAction","target":["https:\/\/clusterhabitat.pt\/en\/wooden-construction-under-discussion-in-coimbra\/"]}]},{"@type":"ImageObject","inLanguage":"en-US","@id":"https:\/\/clusterhabitat.pt\/en\/wooden-construction-under-discussion-in-coimbra\/#primaryimage","url":"https:\/\/clusterhabitat.pt\/wp-content\/uploads\/2024\/02\/1.-Construcao-em-Madeira-em-discussao-em-Coimbra.png","contentUrl":"https:\/\/clusterhabitat.pt\/wp-content\/uploads\/2024\/02\/1.-Construcao-em-Madeira-em-discussao-em-Coimbra.png","width":1024,"height":682},{"@type":"BreadcrumbList","@id":"https:\/\/clusterhabitat.pt\/en\/wooden-construction-under-discussion-in-coimbra\/#breadcrumb","itemListElement":[{"@type":"ListItem","position":1,"name":"In\u00edcio","item":"https:\/\/clusterhabitat.pt\/en\/"},{"@type":"ListItem","position":2,"name":"Wooden Construction under discussion in Coimbra"}]},{"@type":"WebSite","@id":"https:\/\/clusterhabitat.pt\/#website","url":"https:\/\/clusterhabitat.pt\/","name":"Cluster Habitat Sustent\u00e1vel","description":"","publisher":{"@id":"https:\/\/clusterhabitat.pt\/#organization"},"potentialAction":[{"@type":"SearchAction","target":{"@type":"EntryPoint","urlTemplate":"https:\/\/clusterhabitat.pt\/?s={search_term_string}"},"query-input":{"@type":"PropertyValueSpecification","valueRequired":true,"valueName":"search_term_string"}}],"inLanguage":"en-US"},{"@type":"Organization","@id":"https:\/\/clusterhabitat.pt\/#organization","name":"Cluster Habitat Sustent\u00e1vel","url":"https:\/\/clusterhabitat.pt\/","logo":{"@type":"ImageObject","inLanguage":"en-US","@id":"https:\/\/clusterhabitat.pt\/#\/schema\/logo\/image\/","url":"https:\/\/clusterhabitat.pt\/wp-content\/uploads\/2024\/01\/cropped-Cluster-Logo.png","contentUrl":"https:\/\/clusterhabitat.pt\/wp-content\/uploads\/2024\/01\/cropped-Cluster-Logo.png","width":203,"height":40,"caption":"Cluster Habitat Sustent\u00e1vel"},"image":{"@id":"https:\/\/clusterhabitat.pt\/#\/schema\/logo\/image\/"},"sameAs":["https:\/\/www.facebook.com\/clusterhabitat","https:\/\/x.com\/ClusterHabitat","https:\/\/www.linkedin.com\/company\/associao-plataforma-para-a-construo-sustentvel\/"]},{"@type":"Person","@id":"https:\/\/clusterhabitat.pt\/#\/schema\/person\/9d4c247ace10455fb300e8fd5ed771c6","name":"wevolved","image":{"@type":"ImageObject","inLanguage":"en-US","@id":"https:\/\/clusterhabitat.pt\/wp-content\/litespeed\/avatar\/6629dfe926f38e06872e6b4da9daaf83.jpg?ver=1776835774","url":"https:\/\/clusterhabitat.pt\/wp-content\/litespeed\/avatar\/6629dfe926f38e06872e6b4da9daaf83.jpg?ver=1776835774","contentUrl":"https:\/\/clusterhabitat.pt\/wp-content\/litespeed\/avatar\/6629dfe926f38e06872e6b4da9daaf83.jpg?ver=1776835774","caption":"wevolved"},"sameAs":["https:\/\/clusterhabitat.pt"],"url":"https:\/\/clusterhabitat.pt\/en\/author\/wevolved\/"}]}},"_links":{"self":[{"href":"https:\/\/clusterhabitat.pt\/en\/wp-json\/wp\/v2\/posts\/4118","targetHints":{"allow":["GET"]}}],"collection":[{"href":"https:\/\/clusterhabitat.pt\/en\/wp-json\/wp\/v2\/posts"}],"about":[{"href":"https:\/\/clusterhabitat.pt\/en\/wp-json\/wp\/v2\/types\/post"}],"author":[{"embeddable":true,"href":"https:\/\/clusterhabitat.pt\/en\/wp-json\/wp\/v2\/users\/1"}],"replies":[{"embeddable":true,"href":"https:\/\/clusterhabitat.pt\/en\/wp-json\/wp\/v2\/comments?post=4118"}],"version-history":[{"count":6,"href":"https:\/\/clusterhabitat.pt\/en\/wp-json\/wp\/v2\/posts\/4118\/revisions"}],"predecessor-version":[{"id":8384,"href":"https:\/\/clusterhabitat.pt\/en\/wp-json\/wp\/v2\/posts\/4118\/revisions\/8384"}],"wp:featuredmedia":[{"embeddable":true,"href":"https:\/\/clusterhabitat.pt\/en\/wp-json\/wp\/v2\/media\/1389"}],"wp:attachment":[{"href":"https:\/\/clusterhabitat.pt\/en\/wp-json\/wp\/v2\/media?parent=4118"}],"wp:term":[{"taxonomy":"category","embeddable":true,"href":"https:\/\/clusterhabitat.pt\/en\/wp-json\/wp\/v2\/categories?post=4118"},{"taxonomy":"post_tag","embeddable":true,"href":"https:\/\/clusterhabitat.pt\/en\/wp-json\/wp\/v2\/tags?post=4118"}],"curies":[{"name":"wp","href":"https:\/\/api.w.org\/{rel}","templated":true}]}}