{"id":4157,"date":"2024-01-23T09:20:45","date_gmt":"2024-01-23T09:20:45","guid":{"rendered":"https:\/\/clusterhabitat.pt\/final-event-of-the-hi-tech-tex-project-the-habitat-value-chain-in-the-textile-sector\/"},"modified":"2024-07-29T11:39:43","modified_gmt":"2024-07-29T11:39:43","slug":"final-event-of-the-hi-tech-tex-project-the-habitat-value-chain-in-the-textile-sector","status":"publish","type":"post","link":"https:\/\/clusterhabitat.pt\/en\/final-event-of-the-hi-tech-tex-project-the-habitat-value-chain-in-the-textile-sector\/","title":{"rendered":"Final Event of the Hi-Tech-Tex project | The Habitat value chain in the Textile sector"},"content":{"rendered":"<p>[vc_row][vc_column][vc_column_text]The program for this event included interventions on the challenges in the Habitat value chain relevant to the Textile sector, presentations on innovations and good practices in the textile industry for Habitat and also a final session where potential collaborations between entities from the two clusters were identified. (Cluster T\u00eaxtil and Cluster Habitat Sustent\u00e1vel).<\/p>\n<p>&nbsp;<\/p>\n<p>&nbsp;<\/p>\n<p>[\/vc_column_text][vc_media_grid style=&#8221;load-more&#8221; items_per_page=&#8221;8&#8243; element_width=&#8221;6&#8243; gap=&#8221;25&#8243; btn_title=&#8221;Load more Images&#8221; btn_style=&#8221;modern&#8221; btn_color=&#8221;default&#8221; btn_size=&#8221;xs&#8221; grid_id=&#8221;vc_gid:1722253148680-a2898990-6d57-9&#8243; include=&#8221;1058&#8243;][\/vc_column][\/vc_row]<\/p>\n","protected":false},"excerpt":{"rendered":"<p>On January 23rd, at the CITEVE facilities in Vila Nova de Famalic\u00e3o, the Final Event of the Hi-Tech-TEX project took place, where the Cluster Habitat Sustent\u00e1vel participated at the invitation of the Cluster T\u00eaxtil to promote intercluster symbiosis.<\/p>\n","protected":false},"author":1,"featured_media":2973,"comment_status":"open","ping_status":"open","sticky":false,"template":"","format":"standard","meta":{"_monsterinsights_skip_tracking":false,"_monsterinsights_sitenote_active":false,"_monsterinsights_sitenote_note":"","_monsterinsights_sitenote_category":0,"footnotes":""},"categories":[63],"tags":[],"class_list":["post-4157","post","type-post","status-publish","format-standard","has-post-thumbnail","hentry","category-noticias"],"yoast_head":"<!-- This site is optimized with the Yoast SEO plugin v27.5 - https:\/\/yoast.com\/product\/yoast-seo-wordpress\/ -->\n<title>Final Event of the Hi-Tech-Tex project | The Habitat value chain in the Textile sector - Cluster Habitat Sustent\u00e1vel<\/title>\n<meta name=\"robots\" content=\"index, follow, max-snippet:-1, max-image-preview:large, max-video-preview:-1\" \/>\n<link rel=\"canonical\" href=\"https:\/\/clusterhabitat.pt\/en\/final-event-of-the-hi-tech-tex-project-the-habitat-value-chain-in-the-textile-sector\/\" \/>\n<meta property=\"og:locale\" content=\"en_US\" \/>\n<meta property=\"og:type\" content=\"article\" \/>\n<meta property=\"og:title\" content=\"Final Event of the Hi-Tech-Tex project | The Habitat value chain in the Textile sector - Cluster Habitat Sustent\u00e1vel\" \/>\n<meta property=\"og:description\" content=\"On January 23rd, at the CITEVE facilities in Vila Nova de Famalic\u00e3o, the Final Event of the Hi-Tech-TEX project took place, where the Cluster Habitat Sustent\u00e1vel participated at the invitation of the Cluster T\u00eaxtil to promote intercluster symbiosis.\" \/>\n<meta property=\"og:url\" content=\"https:\/\/clusterhabitat.pt\/en\/final-event-of-the-hi-tech-tex-project-the-habitat-value-chain-in-the-textile-sector\/\" \/>\n<meta property=\"og:site_name\" content=\"Cluster Habitat Sustent\u00e1vel\" \/>\n<meta property=\"article:publisher\" content=\"https:\/\/www.facebook.com\/clusterhabitat\" \/>\n<meta property=\"article:published_time\" content=\"2024-01-23T09:20:45+00:00\" \/>\n<meta property=\"article:modified_time\" content=\"2024-07-29T11:39:43+00:00\" \/>\n<meta property=\"og:image\" content=\"https:\/\/clusterhabitat.pt\/wp-content\/uploads\/2024\/01\/hi-tex_destaque-01.png\" \/>\n\t<meta property=\"og:image:width\" content=\"900\" \/>\n\t<meta property=\"og:image:height\" content=\"900\" \/>\n\t<meta property=\"og:image:type\" content=\"image\/png\" \/>\n<meta name=\"author\" content=\"wevolved\" \/>\n<meta name=\"twitter:card\" content=\"summary_large_image\" \/>\n<meta name=\"twitter:creator\" content=\"@ClusterHabitat\" \/>\n<meta name=\"twitter:site\" content=\"@ClusterHabitat\" \/>\n<meta name=\"twitter:label1\" content=\"Written by\" \/>\n\t<meta name=\"twitter:data1\" content=\"wevolved\" \/>\n\t<meta name=\"twitter:label2\" content=\"Est. reading time\" \/>\n\t<meta name=\"twitter:data2\" content=\"1 minute\" \/>\n<script type=\"application\/ld+json\" class=\"yoast-schema-graph\">{\"@context\":\"https:\\\/\\\/schema.org\",\"@graph\":[{\"@type\":\"Article\",\"@id\":\"https:\\\/\\\/clusterhabitat.pt\\\/en\\\/final-event-of-the-hi-tech-tex-project-the-habitat-value-chain-in-the-textile-sector\\\/#article\",\"isPartOf\":{\"@id\":\"https:\\\/\\\/clusterhabitat.pt\\\/en\\\/final-event-of-the-hi-tech-tex-project-the-habitat-value-chain-in-the-textile-sector\\\/\"},\"author\":{\"name\":\"wevolved\",\"@id\":\"https:\\\/\\\/clusterhabitat.pt\\\/#\\\/schema\\\/person\\\/9d4c247ace10455fb300e8fd5ed771c6\"},\"headline\":\"Final Event of the Hi-Tech-Tex project | The Habitat value chain in the Textile sector\",\"datePublished\":\"2024-01-23T09:20:45+00:00\",\"dateModified\":\"2024-07-29T11:39:43+00:00\",\"mainEntityOfPage\":{\"@id\":\"https:\\\/\\\/clusterhabitat.pt\\\/en\\\/final-event-of-the-hi-tech-tex-project-the-habitat-value-chain-in-the-textile-sector\\\/\"},\"wordCount\":120,\"commentCount\":0,\"publisher\":{\"@id\":\"https:\\\/\\\/clusterhabitat.pt\\\/#organization\"},\"image\":{\"@id\":\"https:\\\/\\\/clusterhabitat.pt\\\/en\\\/final-event-of-the-hi-tech-tex-project-the-habitat-value-chain-in-the-textile-sector\\\/#primaryimage\"},\"thumbnailUrl\":\"https:\\\/\\\/clusterhabitat.pt\\\/wp-content\\\/uploads\\\/2024\\\/01\\\/hi-tex_destaque-01.png\",\"articleSection\":[\"News\"],\"inLanguage\":\"en-US\",\"potentialAction\":[{\"@type\":\"CommentAction\",\"name\":\"Comment\",\"target\":[\"https:\\\/\\\/clusterhabitat.pt\\\/en\\\/final-event-of-the-hi-tech-tex-project-the-habitat-value-chain-in-the-textile-sector\\\/#respond\"]}]},{\"@type\":\"WebPage\",\"@id\":\"https:\\\/\\\/clusterhabitat.pt\\\/en\\\/final-event-of-the-hi-tech-tex-project-the-habitat-value-chain-in-the-textile-sector\\\/\",\"url\":\"https:\\\/\\\/clusterhabitat.pt\\\/en\\\/final-event-of-the-hi-tech-tex-project-the-habitat-value-chain-in-the-textile-sector\\\/\",\"name\":\"Final Event of the Hi-Tech-Tex project | The Habitat value chain in the Textile sector - Cluster Habitat Sustent\u00e1vel\",\"isPartOf\":{\"@id\":\"https:\\\/\\\/clusterhabitat.pt\\\/#website\"},\"primaryImageOfPage\":{\"@id\":\"https:\\\/\\\/clusterhabitat.pt\\\/en\\\/final-event-of-the-hi-tech-tex-project-the-habitat-value-chain-in-the-textile-sector\\\/#primaryimage\"},\"image\":{\"@id\":\"https:\\\/\\\/clusterhabitat.pt\\\/en\\\/final-event-of-the-hi-tech-tex-project-the-habitat-value-chain-in-the-textile-sector\\\/#primaryimage\"},\"thumbnailUrl\":\"https:\\\/\\\/clusterhabitat.pt\\\/wp-content\\\/uploads\\\/2024\\\/01\\\/hi-tex_destaque-01.png\",\"datePublished\":\"2024-01-23T09:20:45+00:00\",\"dateModified\":\"2024-07-29T11:39:43+00:00\",\"breadcrumb\":{\"@id\":\"https:\\\/\\\/clusterhabitat.pt\\\/en\\\/final-event-of-the-hi-tech-tex-project-the-habitat-value-chain-in-the-textile-sector\\\/#breadcrumb\"},\"inLanguage\":\"en-US\",\"potentialAction\":[{\"@type\":\"ReadAction\",\"target\":[\"https:\\\/\\\/clusterhabitat.pt\\\/en\\\/final-event-of-the-hi-tech-tex-project-the-habitat-value-chain-in-the-textile-sector\\\/\"]}]},{\"@type\":\"ImageObject\",\"inLanguage\":\"en-US\",\"@id\":\"https:\\\/\\\/clusterhabitat.pt\\\/en\\\/final-event-of-the-hi-tech-tex-project-the-habitat-value-chain-in-the-textile-sector\\\/#primaryimage\",\"url\":\"https:\\\/\\\/clusterhabitat.pt\\\/wp-content\\\/uploads\\\/2024\\\/01\\\/hi-tex_destaque-01.png\",\"contentUrl\":\"https:\\\/\\\/clusterhabitat.pt\\\/wp-content\\\/uploads\\\/2024\\\/01\\\/hi-tex_destaque-01.png\",\"width\":900,\"height\":900},{\"@type\":\"BreadcrumbList\",\"@id\":\"https:\\\/\\\/clusterhabitat.pt\\\/en\\\/final-event-of-the-hi-tech-tex-project-the-habitat-value-chain-in-the-textile-sector\\\/#breadcrumb\",\"itemListElement\":[{\"@type\":\"ListItem\",\"position\":1,\"name\":\"In\u00edcio\",\"item\":\"https:\\\/\\\/clusterhabitat.pt\\\/en\\\/\"},{\"@type\":\"ListItem\",\"position\":2,\"name\":\"Final Event of the Hi-Tech-Tex project | The Habitat value chain in the Textile sector\"}]},{\"@type\":\"WebSite\",\"@id\":\"https:\\\/\\\/clusterhabitat.pt\\\/#website\",\"url\":\"https:\\\/\\\/clusterhabitat.pt\\\/\",\"name\":\"Cluster Habitat Sustent\u00e1vel\",\"description\":\"\",\"publisher\":{\"@id\":\"https:\\\/\\\/clusterhabitat.pt\\\/#organization\"},\"potentialAction\":[{\"@type\":\"SearchAction\",\"target\":{\"@type\":\"EntryPoint\",\"urlTemplate\":\"https:\\\/\\\/clusterhabitat.pt\\\/?s={search_term_string}\"},\"query-input\":{\"@type\":\"PropertyValueSpecification\",\"valueRequired\":true,\"valueName\":\"search_term_string\"}}],\"inLanguage\":\"en-US\"},{\"@type\":\"Organization\",\"@id\":\"https:\\\/\\\/clusterhabitat.pt\\\/#organization\",\"name\":\"Cluster Habitat Sustent\u00e1vel\",\"url\":\"https:\\\/\\\/clusterhabitat.pt\\\/\",\"logo\":{\"@type\":\"ImageObject\",\"inLanguage\":\"en-US\",\"@id\":\"https:\\\/\\\/clusterhabitat.pt\\\/#\\\/schema\\\/logo\\\/image\\\/\",\"url\":\"https:\\\/\\\/clusterhabitat.pt\\\/wp-content\\\/uploads\\\/2024\\\/01\\\/cropped-Cluster-Logo.png\",\"contentUrl\":\"https:\\\/\\\/clusterhabitat.pt\\\/wp-content\\\/uploads\\\/2024\\\/01\\\/cropped-Cluster-Logo.png\",\"width\":203,\"height\":40,\"caption\":\"Cluster Habitat Sustent\u00e1vel\"},\"image\":{\"@id\":\"https:\\\/\\\/clusterhabitat.pt\\\/#\\\/schema\\\/logo\\\/image\\\/\"},\"sameAs\":[\"https:\\\/\\\/www.facebook.com\\\/clusterhabitat\",\"https:\\\/\\\/x.com\\\/ClusterHabitat\",\"https:\\\/\\\/www.linkedin.com\\\/company\\\/associao-plataforma-para-a-construo-sustentvel\\\/\"]},{\"@type\":\"Person\",\"@id\":\"https:\\\/\\\/clusterhabitat.pt\\\/#\\\/schema\\\/person\\\/9d4c247ace10455fb300e8fd5ed771c6\",\"name\":\"wevolved\",\"image\":{\"@type\":\"ImageObject\",\"inLanguage\":\"en-US\",\"@id\":\"https:\\\/\\\/clusterhabitat.pt\\\/wp-content\\\/litespeed\\\/avatar\\\/6629dfe926f38e06872e6b4da9daaf83.jpg?ver=1776835774\",\"url\":\"https:\\\/\\\/clusterhabitat.pt\\\/wp-content\\\/litespeed\\\/avatar\\\/6629dfe926f38e06872e6b4da9daaf83.jpg?ver=1776835774\",\"contentUrl\":\"https:\\\/\\\/clusterhabitat.pt\\\/wp-content\\\/litespeed\\\/avatar\\\/6629dfe926f38e06872e6b4da9daaf83.jpg?ver=1776835774\",\"caption\":\"wevolved\"},\"sameAs\":[\"https:\\\/\\\/clusterhabitat.pt\"],\"url\":\"https:\\\/\\\/clusterhabitat.pt\\\/en\\\/author\\\/wevolved\\\/\"}]}<\/script>\n<!-- \/ Yoast SEO plugin. -->","yoast_head_json":{"title":"Final Event of the Hi-Tech-Tex project | The Habitat value chain in the Textile sector - Cluster Habitat Sustent\u00e1vel","robots":{"index":"index","follow":"follow","max-snippet":"max-snippet:-1","max-image-preview":"max-image-preview:large","max-video-preview":"max-video-preview:-1"},"canonical":"https:\/\/clusterhabitat.pt\/en\/final-event-of-the-hi-tech-tex-project-the-habitat-value-chain-in-the-textile-sector\/","og_locale":"en_US","og_type":"article","og_title":"Final Event of the Hi-Tech-Tex project | The Habitat value chain in the Textile sector - Cluster Habitat Sustent\u00e1vel","og_description":"On January 23rd, at the CITEVE facilities in Vila Nova de Famalic\u00e3o, the Final Event of the Hi-Tech-TEX project took place, where the Cluster Habitat Sustent\u00e1vel participated at the invitation of the Cluster T\u00eaxtil to promote intercluster symbiosis.","og_url":"https:\/\/clusterhabitat.pt\/en\/final-event-of-the-hi-tech-tex-project-the-habitat-value-chain-in-the-textile-sector\/","og_site_name":"Cluster Habitat Sustent\u00e1vel","article_publisher":"https:\/\/www.facebook.com\/clusterhabitat","article_published_time":"2024-01-23T09:20:45+00:00","article_modified_time":"2024-07-29T11:39:43+00:00","og_image":[{"width":900,"height":900,"url":"https:\/\/clusterhabitat.pt\/wp-content\/uploads\/2024\/01\/hi-tex_destaque-01.png","type":"image\/png"}],"author":"wevolved","twitter_card":"summary_large_image","twitter_creator":"@ClusterHabitat","twitter_site":"@ClusterHabitat","twitter_misc":{"Written by":"wevolved","Est. reading time":"1 minute"},"schema":{"@context":"https:\/\/schema.org","@graph":[{"@type":"Article","@id":"https:\/\/clusterhabitat.pt\/en\/final-event-of-the-hi-tech-tex-project-the-habitat-value-chain-in-the-textile-sector\/#article","isPartOf":{"@id":"https:\/\/clusterhabitat.pt\/en\/final-event-of-the-hi-tech-tex-project-the-habitat-value-chain-in-the-textile-sector\/"},"author":{"name":"wevolved","@id":"https:\/\/clusterhabitat.pt\/#\/schema\/person\/9d4c247ace10455fb300e8fd5ed771c6"},"headline":"Final Event of the Hi-Tech-Tex project | The Habitat value chain in the Textile sector","datePublished":"2024-01-23T09:20:45+00:00","dateModified":"2024-07-29T11:39:43+00:00","mainEntityOfPage":{"@id":"https:\/\/clusterhabitat.pt\/en\/final-event-of-the-hi-tech-tex-project-the-habitat-value-chain-in-the-textile-sector\/"},"wordCount":120,"commentCount":0,"publisher":{"@id":"https:\/\/clusterhabitat.pt\/#organization"},"image":{"@id":"https:\/\/clusterhabitat.pt\/en\/final-event-of-the-hi-tech-tex-project-the-habitat-value-chain-in-the-textile-sector\/#primaryimage"},"thumbnailUrl":"https:\/\/clusterhabitat.pt\/wp-content\/uploads\/2024\/01\/hi-tex_destaque-01.png","articleSection":["News"],"inLanguage":"en-US","potentialAction":[{"@type":"CommentAction","name":"Comment","target":["https:\/\/clusterhabitat.pt\/en\/final-event-of-the-hi-tech-tex-project-the-habitat-value-chain-in-the-textile-sector\/#respond"]}]},{"@type":"WebPage","@id":"https:\/\/clusterhabitat.pt\/en\/final-event-of-the-hi-tech-tex-project-the-habitat-value-chain-in-the-textile-sector\/","url":"https:\/\/clusterhabitat.pt\/en\/final-event-of-the-hi-tech-tex-project-the-habitat-value-chain-in-the-textile-sector\/","name":"Final Event of the Hi-Tech-Tex project | The Habitat value chain in the Textile sector - Cluster Habitat Sustent\u00e1vel","isPartOf":{"@id":"https:\/\/clusterhabitat.pt\/#website"},"primaryImageOfPage":{"@id":"https:\/\/clusterhabitat.pt\/en\/final-event-of-the-hi-tech-tex-project-the-habitat-value-chain-in-the-textile-sector\/#primaryimage"},"image":{"@id":"https:\/\/clusterhabitat.pt\/en\/final-event-of-the-hi-tech-tex-project-the-habitat-value-chain-in-the-textile-sector\/#primaryimage"},"thumbnailUrl":"https:\/\/clusterhabitat.pt\/wp-content\/uploads\/2024\/01\/hi-tex_destaque-01.png","datePublished":"2024-01-23T09:20:45+00:00","dateModified":"2024-07-29T11:39:43+00:00","breadcrumb":{"@id":"https:\/\/clusterhabitat.pt\/en\/final-event-of-the-hi-tech-tex-project-the-habitat-value-chain-in-the-textile-sector\/#breadcrumb"},"inLanguage":"en-US","potentialAction":[{"@type":"ReadAction","target":["https:\/\/clusterhabitat.pt\/en\/final-event-of-the-hi-tech-tex-project-the-habitat-value-chain-in-the-textile-sector\/"]}]},{"@type":"ImageObject","inLanguage":"en-US","@id":"https:\/\/clusterhabitat.pt\/en\/final-event-of-the-hi-tech-tex-project-the-habitat-value-chain-in-the-textile-sector\/#primaryimage","url":"https:\/\/clusterhabitat.pt\/wp-content\/uploads\/2024\/01\/hi-tex_destaque-01.png","contentUrl":"https:\/\/clusterhabitat.pt\/wp-content\/uploads\/2024\/01\/hi-tex_destaque-01.png","width":900,"height":900},{"@type":"BreadcrumbList","@id":"https:\/\/clusterhabitat.pt\/en\/final-event-of-the-hi-tech-tex-project-the-habitat-value-chain-in-the-textile-sector\/#breadcrumb","itemListElement":[{"@type":"ListItem","position":1,"name":"In\u00edcio","item":"https:\/\/clusterhabitat.pt\/en\/"},{"@type":"ListItem","position":2,"name":"Final Event of the Hi-Tech-Tex project | The Habitat value chain in the Textile sector"}]},{"@type":"WebSite","@id":"https:\/\/clusterhabitat.pt\/#website","url":"https:\/\/clusterhabitat.pt\/","name":"Cluster Habitat Sustent\u00e1vel","description":"","publisher":{"@id":"https:\/\/clusterhabitat.pt\/#organization"},"potentialAction":[{"@type":"SearchAction","target":{"@type":"EntryPoint","urlTemplate":"https:\/\/clusterhabitat.pt\/?s={search_term_string}"},"query-input":{"@type":"PropertyValueSpecification","valueRequired":true,"valueName":"search_term_string"}}],"inLanguage":"en-US"},{"@type":"Organization","@id":"https:\/\/clusterhabitat.pt\/#organization","name":"Cluster Habitat Sustent\u00e1vel","url":"https:\/\/clusterhabitat.pt\/","logo":{"@type":"ImageObject","inLanguage":"en-US","@id":"https:\/\/clusterhabitat.pt\/#\/schema\/logo\/image\/","url":"https:\/\/clusterhabitat.pt\/wp-content\/uploads\/2024\/01\/cropped-Cluster-Logo.png","contentUrl":"https:\/\/clusterhabitat.pt\/wp-content\/uploads\/2024\/01\/cropped-Cluster-Logo.png","width":203,"height":40,"caption":"Cluster Habitat Sustent\u00e1vel"},"image":{"@id":"https:\/\/clusterhabitat.pt\/#\/schema\/logo\/image\/"},"sameAs":["https:\/\/www.facebook.com\/clusterhabitat","https:\/\/x.com\/ClusterHabitat","https:\/\/www.linkedin.com\/company\/associao-plataforma-para-a-construo-sustentvel\/"]},{"@type":"Person","@id":"https:\/\/clusterhabitat.pt\/#\/schema\/person\/9d4c247ace10455fb300e8fd5ed771c6","name":"wevolved","image":{"@type":"ImageObject","inLanguage":"en-US","@id":"https:\/\/clusterhabitat.pt\/wp-content\/litespeed\/avatar\/6629dfe926f38e06872e6b4da9daaf83.jpg?ver=1776835774","url":"https:\/\/clusterhabitat.pt\/wp-content\/litespeed\/avatar\/6629dfe926f38e06872e6b4da9daaf83.jpg?ver=1776835774","contentUrl":"https:\/\/clusterhabitat.pt\/wp-content\/litespeed\/avatar\/6629dfe926f38e06872e6b4da9daaf83.jpg?ver=1776835774","caption":"wevolved"},"sameAs":["https:\/\/clusterhabitat.pt"],"url":"https:\/\/clusterhabitat.pt\/en\/author\/wevolved\/"}]}},"_links":{"self":[{"href":"https:\/\/clusterhabitat.pt\/en\/wp-json\/wp\/v2\/posts\/4157","targetHints":{"allow":["GET"]}}],"collection":[{"href":"https:\/\/clusterhabitat.pt\/en\/wp-json\/wp\/v2\/posts"}],"about":[{"href":"https:\/\/clusterhabitat.pt\/en\/wp-json\/wp\/v2\/types\/post"}],"author":[{"embeddable":true,"href":"https:\/\/clusterhabitat.pt\/en\/wp-json\/wp\/v2\/users\/1"}],"replies":[{"embeddable":true,"href":"https:\/\/clusterhabitat.pt\/en\/wp-json\/wp\/v2\/comments?post=4157"}],"version-history":[{"count":3,"href":"https:\/\/clusterhabitat.pt\/en\/wp-json\/wp\/v2\/posts\/4157\/revisions"}],"predecessor-version":[{"id":8373,"href":"https:\/\/clusterhabitat.pt\/en\/wp-json\/wp\/v2\/posts\/4157\/revisions\/8373"}],"wp:featuredmedia":[{"embeddable":true,"href":"https:\/\/clusterhabitat.pt\/en\/wp-json\/wp\/v2\/media\/2973"}],"wp:attachment":[{"href":"https:\/\/clusterhabitat.pt\/en\/wp-json\/wp\/v2\/media?parent=4157"}],"wp:term":[{"taxonomy":"category","embeddable":true,"href":"https:\/\/clusterhabitat.pt\/en\/wp-json\/wp\/v2\/categories?post=4157"},{"taxonomy":"post_tag","embeddable":true,"href":"https:\/\/clusterhabitat.pt\/en\/wp-json\/wp\/v2\/tags?post=4157"}],"curies":[{"name":"wp","href":"https:\/\/api.w.org\/{rel}","templated":true}]}}