{"id":5134,"date":"2023-09-29T11:40:51","date_gmt":"2023-09-29T11:40:51","guid":{"rendered":"https:\/\/clusterhabitat.pt\/modtech-opens-a-new-factory-in-ilhavo\/"},"modified":"2024-07-29T11:28:21","modified_gmt":"2024-07-29T11:28:21","slug":"modtech-opens-a-new-factory-in-ilhavo","status":"publish","type":"post","link":"https:\/\/clusterhabitat.pt\/en\/modtech-opens-a-new-factory-in-ilhavo\/","title":{"rendered":"Modtech opens a new factory in \u00cdlhavo"},"content":{"rendered":"<p>[vc_row][vc_column][vc_column_text]<\/p>\n<p class=\"rtejustify\">The event also featured the intervention of the Mayor of \u00cdlhavo, Dr. Jo\u00e3o Ant\u00f3nio Filipe Campolargo.<\/p>\n<p>&nbsp;<\/p>\n<p class=\"rtejustify\">Modtech states that this will be a production unit dedicated to the construction of <strong>eco-friendly modular homes<\/strong>, based on the principles of <strong>sustainability<\/strong> and <strong>energy efficiency<\/strong>.<\/p>\n<p>&nbsp;<\/p>\n<p class=\"rtejustify\">Visit <a href=\"https:\/\/modtech.pt\/\" target=\"_blank\" rel=\"noopener\"><u><strong>modtech.pt<\/strong><\/u><\/a><\/p>\n<p>&nbsp;<\/p>\n<p>&nbsp;<\/p>\n<p>[\/vc_column_text][vc_media_grid style=&#8221;load-more&#8221; items_per_page=&#8221;8&#8243; element_width=&#8221;6&#8243; gap=&#8221;25&#8243; btn_title=&#8221;Load more Images&#8221; btn_style=&#8221;modern&#8221; btn_color=&#8221;default&#8221; btn_size=&#8221;xs&#8221; grid_id=&#8221;vc_gid:1722252495482-1ebe0652-afaf-9&#8243; include=&#8221;3125,3131&#8243;][\/vc_column][\/vc_row]<\/p>\n","protected":false},"excerpt":{"rendered":"<p>On September 28th, the Cluster Habitat Sustent\u00e1vel was invited by its associate Modtech, to intervene in the inauguration of its new manufacturing unit, located in the Mota Industrial Zone, in \u00cdlhavo. <\/p>\n","protected":false},"author":3,"featured_media":3123,"comment_status":"closed","ping_status":"closed","sticky":false,"template":"","format":"standard","meta":{"_monsterinsights_skip_tracking":false,"_monsterinsights_sitenote_active":false,"_monsterinsights_sitenote_note":"","_monsterinsights_sitenote_category":0,"footnotes":""},"categories":[63],"tags":[],"class_list":["post-5134","post","type-post","status-publish","format-standard","has-post-thumbnail","hentry","category-noticias"],"yoast_head":"<!-- This site is optimized with the Yoast SEO plugin v27.5 - https:\/\/yoast.com\/product\/yoast-seo-wordpress\/ -->\n<title>Modtech opens a new factory in \u00cdlhavo - Cluster Habitat Sustent\u00e1vel<\/title>\n<meta name=\"robots\" content=\"index, follow, max-snippet:-1, max-image-preview:large, max-video-preview:-1\" \/>\n<link rel=\"canonical\" href=\"https:\/\/clusterhabitat.pt\/en\/modtech-opens-a-new-factory-in-ilhavo\/\" \/>\n<meta property=\"og:locale\" content=\"en_US\" \/>\n<meta property=\"og:type\" content=\"article\" \/>\n<meta property=\"og:title\" content=\"Modtech opens a new factory in \u00cdlhavo - Cluster Habitat Sustent\u00e1vel\" \/>\n<meta property=\"og:description\" content=\"On September 28th, the Cluster Habitat Sustent\u00e1vel was invited by its associate Modtech, to intervene in the inauguration of its new manufacturing unit, located in the Mota Industrial Zone, in \u00cdlhavo.\" \/>\n<meta property=\"og:url\" content=\"https:\/\/clusterhabitat.pt\/en\/modtech-opens-a-new-factory-in-ilhavo\/\" \/>\n<meta property=\"og:site_name\" content=\"Cluster Habitat Sustent\u00e1vel\" \/>\n<meta property=\"article:publisher\" content=\"https:\/\/www.facebook.com\/clusterhabitat\" \/>\n<meta property=\"article:published_time\" content=\"2023-09-29T11:40:51+00:00\" \/>\n<meta property=\"article:modified_time\" content=\"2024-07-29T11:28:21+00:00\" \/>\n<meta property=\"og:image\" content=\"https:\/\/clusterhabitat.pt\/wp-content\/uploads\/2024\/03\/Modtech_Inauguracao.png\" \/>\n\t<meta property=\"og:image:width\" content=\"940\" \/>\n\t<meta property=\"og:image:height\" content=\"788\" \/>\n\t<meta property=\"og:image:type\" content=\"image\/png\" \/>\n<meta name=\"author\" content=\"Marketing\" \/>\n<meta name=\"twitter:card\" content=\"summary_large_image\" \/>\n<meta name=\"twitter:creator\" content=\"@ClusterHabitat\" \/>\n<meta name=\"twitter:site\" content=\"@ClusterHabitat\" \/>\n<meta name=\"twitter:label1\" content=\"Written by\" \/>\n\t<meta name=\"twitter:data1\" content=\"Marketing\" \/>\n\t<meta name=\"twitter:label2\" content=\"Est. reading time\" \/>\n\t<meta name=\"twitter:data2\" content=\"1 minute\" \/>\n<script type=\"application\/ld+json\" class=\"yoast-schema-graph\">{\"@context\":\"https:\\\/\\\/schema.org\",\"@graph\":[{\"@type\":\"Article\",\"@id\":\"https:\\\/\\\/clusterhabitat.pt\\\/en\\\/modtech-opens-a-new-factory-in-ilhavo\\\/#article\",\"isPartOf\":{\"@id\":\"https:\\\/\\\/clusterhabitat.pt\\\/en\\\/modtech-opens-a-new-factory-in-ilhavo\\\/\"},\"author\":{\"name\":\"Marketing\",\"@id\":\"https:\\\/\\\/clusterhabitat.pt\\\/#\\\/schema\\\/person\\\/5e5eae6b6d2feef1be163561675d9316\"},\"headline\":\"Modtech opens a new factory in \u00cdlhavo\",\"datePublished\":\"2023-09-29T11:40:51+00:00\",\"dateModified\":\"2024-07-29T11:28:21+00:00\",\"mainEntityOfPage\":{\"@id\":\"https:\\\/\\\/clusterhabitat.pt\\\/en\\\/modtech-opens-a-new-factory-in-ilhavo\\\/\"},\"wordCount\":105,\"publisher\":{\"@id\":\"https:\\\/\\\/clusterhabitat.pt\\\/#organization\"},\"image\":{\"@id\":\"https:\\\/\\\/clusterhabitat.pt\\\/en\\\/modtech-opens-a-new-factory-in-ilhavo\\\/#primaryimage\"},\"thumbnailUrl\":\"https:\\\/\\\/clusterhabitat.pt\\\/wp-content\\\/uploads\\\/2024\\\/03\\\/Modtech_Inauguracao.png\",\"articleSection\":[\"News\"],\"inLanguage\":\"en-US\"},{\"@type\":\"WebPage\",\"@id\":\"https:\\\/\\\/clusterhabitat.pt\\\/en\\\/modtech-opens-a-new-factory-in-ilhavo\\\/\",\"url\":\"https:\\\/\\\/clusterhabitat.pt\\\/en\\\/modtech-opens-a-new-factory-in-ilhavo\\\/\",\"name\":\"Modtech opens a new factory in \u00cdlhavo - Cluster Habitat Sustent\u00e1vel\",\"isPartOf\":{\"@id\":\"https:\\\/\\\/clusterhabitat.pt\\\/#website\"},\"primaryImageOfPage\":{\"@id\":\"https:\\\/\\\/clusterhabitat.pt\\\/en\\\/modtech-opens-a-new-factory-in-ilhavo\\\/#primaryimage\"},\"image\":{\"@id\":\"https:\\\/\\\/clusterhabitat.pt\\\/en\\\/modtech-opens-a-new-factory-in-ilhavo\\\/#primaryimage\"},\"thumbnailUrl\":\"https:\\\/\\\/clusterhabitat.pt\\\/wp-content\\\/uploads\\\/2024\\\/03\\\/Modtech_Inauguracao.png\",\"datePublished\":\"2023-09-29T11:40:51+00:00\",\"dateModified\":\"2024-07-29T11:28:21+00:00\",\"breadcrumb\":{\"@id\":\"https:\\\/\\\/clusterhabitat.pt\\\/en\\\/modtech-opens-a-new-factory-in-ilhavo\\\/#breadcrumb\"},\"inLanguage\":\"en-US\",\"potentialAction\":[{\"@type\":\"ReadAction\",\"target\":[\"https:\\\/\\\/clusterhabitat.pt\\\/en\\\/modtech-opens-a-new-factory-in-ilhavo\\\/\"]}]},{\"@type\":\"ImageObject\",\"inLanguage\":\"en-US\",\"@id\":\"https:\\\/\\\/clusterhabitat.pt\\\/en\\\/modtech-opens-a-new-factory-in-ilhavo\\\/#primaryimage\",\"url\":\"https:\\\/\\\/clusterhabitat.pt\\\/wp-content\\\/uploads\\\/2024\\\/03\\\/Modtech_Inauguracao.png\",\"contentUrl\":\"https:\\\/\\\/clusterhabitat.pt\\\/wp-content\\\/uploads\\\/2024\\\/03\\\/Modtech_Inauguracao.png\",\"width\":940,\"height\":788},{\"@type\":\"BreadcrumbList\",\"@id\":\"https:\\\/\\\/clusterhabitat.pt\\\/en\\\/modtech-opens-a-new-factory-in-ilhavo\\\/#breadcrumb\",\"itemListElement\":[{\"@type\":\"ListItem\",\"position\":1,\"name\":\"In\u00edcio\",\"item\":\"https:\\\/\\\/clusterhabitat.pt\\\/en\\\/\"},{\"@type\":\"ListItem\",\"position\":2,\"name\":\"Modtech opens a new factory in \u00cdlhavo\"}]},{\"@type\":\"WebSite\",\"@id\":\"https:\\\/\\\/clusterhabitat.pt\\\/#website\",\"url\":\"https:\\\/\\\/clusterhabitat.pt\\\/\",\"name\":\"Cluster Habitat Sustent\u00e1vel\",\"description\":\"\",\"publisher\":{\"@id\":\"https:\\\/\\\/clusterhabitat.pt\\\/#organization\"},\"potentialAction\":[{\"@type\":\"SearchAction\",\"target\":{\"@type\":\"EntryPoint\",\"urlTemplate\":\"https:\\\/\\\/clusterhabitat.pt\\\/?s={search_term_string}\"},\"query-input\":{\"@type\":\"PropertyValueSpecification\",\"valueRequired\":true,\"valueName\":\"search_term_string\"}}],\"inLanguage\":\"en-US\"},{\"@type\":\"Organization\",\"@id\":\"https:\\\/\\\/clusterhabitat.pt\\\/#organization\",\"name\":\"Cluster Habitat Sustent\u00e1vel\",\"url\":\"https:\\\/\\\/clusterhabitat.pt\\\/\",\"logo\":{\"@type\":\"ImageObject\",\"inLanguage\":\"en-US\",\"@id\":\"https:\\\/\\\/clusterhabitat.pt\\\/#\\\/schema\\\/logo\\\/image\\\/\",\"url\":\"https:\\\/\\\/clusterhabitat.pt\\\/wp-content\\\/uploads\\\/2024\\\/01\\\/cropped-Cluster-Logo.png\",\"contentUrl\":\"https:\\\/\\\/clusterhabitat.pt\\\/wp-content\\\/uploads\\\/2024\\\/01\\\/cropped-Cluster-Logo.png\",\"width\":203,\"height\":40,\"caption\":\"Cluster Habitat Sustent\u00e1vel\"},\"image\":{\"@id\":\"https:\\\/\\\/clusterhabitat.pt\\\/#\\\/schema\\\/logo\\\/image\\\/\"},\"sameAs\":[\"https:\\\/\\\/www.facebook.com\\\/clusterhabitat\",\"https:\\\/\\\/x.com\\\/ClusterHabitat\",\"https:\\\/\\\/www.linkedin.com\\\/company\\\/associao-plataforma-para-a-construo-sustentvel\\\/\"]},{\"@type\":\"Person\",\"@id\":\"https:\\\/\\\/clusterhabitat.pt\\\/#\\\/schema\\\/person\\\/5e5eae6b6d2feef1be163561675d9316\",\"name\":\"Marketing\",\"image\":{\"@type\":\"ImageObject\",\"inLanguage\":\"en-US\",\"@id\":\"https:\\\/\\\/clusterhabitat.pt\\\/wp-content\\\/litespeed\\\/avatar\\\/ba32b5ea3f9d75a03670176cf00cd944.jpg?ver=1777434486\",\"url\":\"https:\\\/\\\/clusterhabitat.pt\\\/wp-content\\\/litespeed\\\/avatar\\\/ba32b5ea3f9d75a03670176cf00cd944.jpg?ver=1777434486\",\"contentUrl\":\"https:\\\/\\\/clusterhabitat.pt\\\/wp-content\\\/litespeed\\\/avatar\\\/ba32b5ea3f9d75a03670176cf00cd944.jpg?ver=1777434486\",\"caption\":\"Marketing\"},\"url\":\"https:\\\/\\\/clusterhabitat.pt\\\/en\\\/author\\\/marketing\\\/\"}]}<\/script>\n<!-- \/ Yoast SEO plugin. -->","yoast_head_json":{"title":"Modtech opens a new factory in \u00cdlhavo - Cluster Habitat Sustent\u00e1vel","robots":{"index":"index","follow":"follow","max-snippet":"max-snippet:-1","max-image-preview":"max-image-preview:large","max-video-preview":"max-video-preview:-1"},"canonical":"https:\/\/clusterhabitat.pt\/en\/modtech-opens-a-new-factory-in-ilhavo\/","og_locale":"en_US","og_type":"article","og_title":"Modtech opens a new factory in \u00cdlhavo - Cluster Habitat Sustent\u00e1vel","og_description":"On September 28th, the Cluster Habitat Sustent\u00e1vel was invited by its associate Modtech, to intervene in the inauguration of its new manufacturing unit, located in the Mota Industrial Zone, in \u00cdlhavo.","og_url":"https:\/\/clusterhabitat.pt\/en\/modtech-opens-a-new-factory-in-ilhavo\/","og_site_name":"Cluster Habitat Sustent\u00e1vel","article_publisher":"https:\/\/www.facebook.com\/clusterhabitat","article_published_time":"2023-09-29T11:40:51+00:00","article_modified_time":"2024-07-29T11:28:21+00:00","og_image":[{"width":940,"height":788,"url":"https:\/\/clusterhabitat.pt\/wp-content\/uploads\/2024\/03\/Modtech_Inauguracao.png","type":"image\/png"}],"author":"Marketing","twitter_card":"summary_large_image","twitter_creator":"@ClusterHabitat","twitter_site":"@ClusterHabitat","twitter_misc":{"Written by":"Marketing","Est. reading time":"1 minute"},"schema":{"@context":"https:\/\/schema.org","@graph":[{"@type":"Article","@id":"https:\/\/clusterhabitat.pt\/en\/modtech-opens-a-new-factory-in-ilhavo\/#article","isPartOf":{"@id":"https:\/\/clusterhabitat.pt\/en\/modtech-opens-a-new-factory-in-ilhavo\/"},"author":{"name":"Marketing","@id":"https:\/\/clusterhabitat.pt\/#\/schema\/person\/5e5eae6b6d2feef1be163561675d9316"},"headline":"Modtech opens a new factory in \u00cdlhavo","datePublished":"2023-09-29T11:40:51+00:00","dateModified":"2024-07-29T11:28:21+00:00","mainEntityOfPage":{"@id":"https:\/\/clusterhabitat.pt\/en\/modtech-opens-a-new-factory-in-ilhavo\/"},"wordCount":105,"publisher":{"@id":"https:\/\/clusterhabitat.pt\/#organization"},"image":{"@id":"https:\/\/clusterhabitat.pt\/en\/modtech-opens-a-new-factory-in-ilhavo\/#primaryimage"},"thumbnailUrl":"https:\/\/clusterhabitat.pt\/wp-content\/uploads\/2024\/03\/Modtech_Inauguracao.png","articleSection":["News"],"inLanguage":"en-US"},{"@type":"WebPage","@id":"https:\/\/clusterhabitat.pt\/en\/modtech-opens-a-new-factory-in-ilhavo\/","url":"https:\/\/clusterhabitat.pt\/en\/modtech-opens-a-new-factory-in-ilhavo\/","name":"Modtech opens a new factory in \u00cdlhavo - Cluster Habitat Sustent\u00e1vel","isPartOf":{"@id":"https:\/\/clusterhabitat.pt\/#website"},"primaryImageOfPage":{"@id":"https:\/\/clusterhabitat.pt\/en\/modtech-opens-a-new-factory-in-ilhavo\/#primaryimage"},"image":{"@id":"https:\/\/clusterhabitat.pt\/en\/modtech-opens-a-new-factory-in-ilhavo\/#primaryimage"},"thumbnailUrl":"https:\/\/clusterhabitat.pt\/wp-content\/uploads\/2024\/03\/Modtech_Inauguracao.png","datePublished":"2023-09-29T11:40:51+00:00","dateModified":"2024-07-29T11:28:21+00:00","breadcrumb":{"@id":"https:\/\/clusterhabitat.pt\/en\/modtech-opens-a-new-factory-in-ilhavo\/#breadcrumb"},"inLanguage":"en-US","potentialAction":[{"@type":"ReadAction","target":["https:\/\/clusterhabitat.pt\/en\/modtech-opens-a-new-factory-in-ilhavo\/"]}]},{"@type":"ImageObject","inLanguage":"en-US","@id":"https:\/\/clusterhabitat.pt\/en\/modtech-opens-a-new-factory-in-ilhavo\/#primaryimage","url":"https:\/\/clusterhabitat.pt\/wp-content\/uploads\/2024\/03\/Modtech_Inauguracao.png","contentUrl":"https:\/\/clusterhabitat.pt\/wp-content\/uploads\/2024\/03\/Modtech_Inauguracao.png","width":940,"height":788},{"@type":"BreadcrumbList","@id":"https:\/\/clusterhabitat.pt\/en\/modtech-opens-a-new-factory-in-ilhavo\/#breadcrumb","itemListElement":[{"@type":"ListItem","position":1,"name":"In\u00edcio","item":"https:\/\/clusterhabitat.pt\/en\/"},{"@type":"ListItem","position":2,"name":"Modtech opens a new factory in \u00cdlhavo"}]},{"@type":"WebSite","@id":"https:\/\/clusterhabitat.pt\/#website","url":"https:\/\/clusterhabitat.pt\/","name":"Cluster Habitat Sustent\u00e1vel","description":"","publisher":{"@id":"https:\/\/clusterhabitat.pt\/#organization"},"potentialAction":[{"@type":"SearchAction","target":{"@type":"EntryPoint","urlTemplate":"https:\/\/clusterhabitat.pt\/?s={search_term_string}"},"query-input":{"@type":"PropertyValueSpecification","valueRequired":true,"valueName":"search_term_string"}}],"inLanguage":"en-US"},{"@type":"Organization","@id":"https:\/\/clusterhabitat.pt\/#organization","name":"Cluster Habitat Sustent\u00e1vel","url":"https:\/\/clusterhabitat.pt\/","logo":{"@type":"ImageObject","inLanguage":"en-US","@id":"https:\/\/clusterhabitat.pt\/#\/schema\/logo\/image\/","url":"https:\/\/clusterhabitat.pt\/wp-content\/uploads\/2024\/01\/cropped-Cluster-Logo.png","contentUrl":"https:\/\/clusterhabitat.pt\/wp-content\/uploads\/2024\/01\/cropped-Cluster-Logo.png","width":203,"height":40,"caption":"Cluster Habitat Sustent\u00e1vel"},"image":{"@id":"https:\/\/clusterhabitat.pt\/#\/schema\/logo\/image\/"},"sameAs":["https:\/\/www.facebook.com\/clusterhabitat","https:\/\/x.com\/ClusterHabitat","https:\/\/www.linkedin.com\/company\/associao-plataforma-para-a-construo-sustentvel\/"]},{"@type":"Person","@id":"https:\/\/clusterhabitat.pt\/#\/schema\/person\/5e5eae6b6d2feef1be163561675d9316","name":"Marketing","image":{"@type":"ImageObject","inLanguage":"en-US","@id":"https:\/\/clusterhabitat.pt\/wp-content\/litespeed\/avatar\/ba32b5ea3f9d75a03670176cf00cd944.jpg?ver=1777434486","url":"https:\/\/clusterhabitat.pt\/wp-content\/litespeed\/avatar\/ba32b5ea3f9d75a03670176cf00cd944.jpg?ver=1777434486","contentUrl":"https:\/\/clusterhabitat.pt\/wp-content\/litespeed\/avatar\/ba32b5ea3f9d75a03670176cf00cd944.jpg?ver=1777434486","caption":"Marketing"},"url":"https:\/\/clusterhabitat.pt\/en\/author\/marketing\/"}]}},"_links":{"self":[{"href":"https:\/\/clusterhabitat.pt\/en\/wp-json\/wp\/v2\/posts\/5134","targetHints":{"allow":["GET"]}}],"collection":[{"href":"https:\/\/clusterhabitat.pt\/en\/wp-json\/wp\/v2\/posts"}],"about":[{"href":"https:\/\/clusterhabitat.pt\/en\/wp-json\/wp\/v2\/types\/post"}],"author":[{"embeddable":true,"href":"https:\/\/clusterhabitat.pt\/en\/wp-json\/wp\/v2\/users\/3"}],"replies":[{"embeddable":true,"href":"https:\/\/clusterhabitat.pt\/en\/wp-json\/wp\/v2\/comments?post=5134"}],"version-history":[{"count":3,"href":"https:\/\/clusterhabitat.pt\/en\/wp-json\/wp\/v2\/posts\/5134\/revisions"}],"predecessor-version":[{"id":8348,"href":"https:\/\/clusterhabitat.pt\/en\/wp-json\/wp\/v2\/posts\/5134\/revisions\/8348"}],"wp:featuredmedia":[{"embeddable":true,"href":"https:\/\/clusterhabitat.pt\/en\/wp-json\/wp\/v2\/media\/3123"}],"wp:attachment":[{"href":"https:\/\/clusterhabitat.pt\/en\/wp-json\/wp\/v2\/media?parent=5134"}],"wp:term":[{"taxonomy":"category","embeddable":true,"href":"https:\/\/clusterhabitat.pt\/en\/wp-json\/wp\/v2\/categories?post=5134"},{"taxonomy":"post_tag","embeddable":true,"href":"https:\/\/clusterhabitat.pt\/en\/wp-json\/wp\/v2\/tags?post=5134"}],"curies":[{"name":"wp","href":"https:\/\/api.w.org\/{rel}","templated":true}]}}