{"id":5305,"date":"2023-04-03T14:44:22","date_gmt":"2023-04-03T14:44:22","guid":{"rendered":"https:\/\/clusterhabitat.pt\/sustainable-habitat-cluster-participates-in-a-technical-session-organized-by-ordem-dos-engenheiros\/"},"modified":"2024-07-29T11:56:35","modified_gmt":"2024-07-29T11:56:35","slug":"sustainable-habitat-cluster-participates-in-a-technical-session-organized-by-ordem-dos-engenheiros","status":"publish","type":"post","link":"https:\/\/clusterhabitat.pt\/en\/sustainable-habitat-cluster-participates-in-a-technical-session-organized-by-ordem-dos-engenheiros\/","title":{"rendered":"Cluster Habitat Sustent\u00e1vel participates in a Technical Session organized by Ordem dos Engenheiros"},"content":{"rendered":"<p>[vc_row][vc_column][vc_column_text]<\/p>\n<p class=\"rtejustify\">In this session, the Cluster, as the operator responsible for the <strong><u><a href=\"https:\/\/daphabitat.pt\/\" target=\"_blank\" rel=\"noopener\">DAPHabitat<\/a><\/u> System<\/strong> program, clarified some relevant aspects about the <strong>Environmental Product Declarations (EPD)<\/strong> within the scope of the <strong>Habitat<\/strong> value chain, showing the type of content that can be found in these documents and how to elaborate them. The Cluster also clarified the importance of its use by companies, in relation to the <strong>green transition<\/strong> of their processes, products and solutions to Habitat.<\/p>\n<p>&nbsp;<\/p>\n<p class=\"rtejustify\">In the same session, Professor Helena Gerv\u00e1sio (U. Coimbra), member of the Technical Committee of the DAPHabitat System, clarified the role and relevance of the different existing <strong>normative elements<\/strong> that support <strong>sustainability in the buildings sector<\/strong>.<\/p>\n<p>&nbsp;<\/p>\n<p class=\"rtejustify\">Finally, Eng. Rui Barros da Garcia Garcia &#8211; Design &amp; Build, S.A presented real cases of the use of the <strong>life cycle analysis methodology<\/strong> in Grupo Garcia&#8217;s projects, highlighting its importance in the detailed study of the final function of buildings and their users, in order to better understand, for example, <strong>energy needs<\/strong> in the early stages of design and construction.<\/p>\n<p>&nbsp;<\/p>\n<p>&nbsp;<\/p>\n<p>[\/vc_column_text][vc_media_grid style=&#8221;load-more&#8221; items_per_page=&#8221;8&#8243; element_width=&#8221;6&#8243; gap=&#8221;25&#8243; btn_title=&#8221;Load more Images&#8221; btn_style=&#8221;modern&#8221; btn_color=&#8221;default&#8221; btn_size=&#8221;xs&#8221; grid_id=&#8221;vc_gid:1722254159192-a6a58945-1ec0-3&#8243; include=&#8221;3265&#8243;][\/vc_column][\/vc_row]<\/p>\n","protected":false},"excerpt":{"rendered":"<p>On March 31st, Cluster Habitat Sustent\u00e1vel participated in the Technical Session \u201cAnalysis of the Life Cycle in Construction &#8211; Contributions of Civil Engineering\u201d, organized by Ordem dos Engenheiros. <\/p>\n","protected":false},"author":3,"featured_media":3268,"comment_status":"closed","ping_status":"closed","sticky":false,"template":"","format":"standard","meta":{"_monsterinsights_skip_tracking":false,"_monsterinsights_sitenote_active":false,"_monsterinsights_sitenote_note":"","_monsterinsights_sitenote_category":0,"footnotes":""},"categories":[63],"tags":[],"class_list":["post-5305","post","type-post","status-publish","format-standard","has-post-thumbnail","hentry","category-noticias"],"yoast_head":"<!-- This site is optimized with the Yoast SEO plugin v27.5 - https:\/\/yoast.com\/product\/yoast-seo-wordpress\/ -->\n<title>Cluster Habitat Sustent\u00e1vel participates in a Technical Session organized by Ordem dos Engenheiros - Cluster Habitat Sustent\u00e1vel<\/title>\n<meta name=\"robots\" content=\"index, follow, max-snippet:-1, max-image-preview:large, max-video-preview:-1\" \/>\n<link rel=\"canonical\" href=\"https:\/\/clusterhabitat.pt\/en\/sustainable-habitat-cluster-participates-in-a-technical-session-organized-by-ordem-dos-engenheiros\/\" \/>\n<meta property=\"og:locale\" content=\"en_US\" \/>\n<meta property=\"og:type\" content=\"article\" \/>\n<meta property=\"og:title\" content=\"Cluster Habitat Sustent\u00e1vel participates in a Technical Session organized by Ordem dos Engenheiros - Cluster Habitat Sustent\u00e1vel\" \/>\n<meta property=\"og:description\" content=\"On March 31st, Cluster Habitat Sustent\u00e1vel participated in the Technical Session \u201cAnalysis of the Life Cycle in Construction - Contributions of Civil Engineering\u201d, organized by Ordem dos Engenheiros.\" \/>\n<meta property=\"og:url\" content=\"https:\/\/clusterhabitat.pt\/en\/sustainable-habitat-cluster-participates-in-a-technical-session-organized-by-ordem-dos-engenheiros\/\" \/>\n<meta property=\"og:site_name\" content=\"Cluster Habitat Sustent\u00e1vel\" \/>\n<meta property=\"article:publisher\" content=\"https:\/\/www.facebook.com\/clusterhabitat\" \/>\n<meta property=\"article:published_time\" content=\"2023-04-03T14:44:22+00:00\" \/>\n<meta property=\"article:modified_time\" content=\"2024-07-29T11:56:35+00:00\" \/>\n<meta property=\"og:image\" content=\"https:\/\/clusterhabitat.pt\/wp-content\/uploads\/2024\/03\/Sessao-Tecnica_Ordem-dos-Engenheiros_destaque-01.png\" \/>\n\t<meta property=\"og:image:width\" content=\"2500\" \/>\n\t<meta property=\"og:image:height\" content=\"2500\" \/>\n\t<meta property=\"og:image:type\" content=\"image\/png\" \/>\n<meta name=\"author\" content=\"Marketing\" \/>\n<meta name=\"twitter:card\" content=\"summary_large_image\" \/>\n<meta name=\"twitter:creator\" content=\"@ClusterHabitat\" \/>\n<meta name=\"twitter:site\" content=\"@ClusterHabitat\" \/>\n<meta name=\"twitter:label1\" content=\"Written by\" \/>\n\t<meta name=\"twitter:data1\" content=\"Marketing\" \/>\n\t<meta name=\"twitter:label2\" content=\"Est. reading time\" \/>\n\t<meta name=\"twitter:data2\" content=\"2 minutes\" \/>\n<script type=\"application\/ld+json\" class=\"yoast-schema-graph\">{\"@context\":\"https:\\\/\\\/schema.org\",\"@graph\":[{\"@type\":\"Article\",\"@id\":\"https:\\\/\\\/clusterhabitat.pt\\\/en\\\/sustainable-habitat-cluster-participates-in-a-technical-session-organized-by-ordem-dos-engenheiros\\\/#article\",\"isPartOf\":{\"@id\":\"https:\\\/\\\/clusterhabitat.pt\\\/en\\\/sustainable-habitat-cluster-participates-in-a-technical-session-organized-by-ordem-dos-engenheiros\\\/\"},\"author\":{\"name\":\"Marketing\",\"@id\":\"https:\\\/\\\/clusterhabitat.pt\\\/#\\\/schema\\\/person\\\/5e5eae6b6d2feef1be163561675d9316\"},\"headline\":\"Cluster Habitat Sustent\u00e1vel participates in a Technical Session organized by Ordem dos Engenheiros\",\"datePublished\":\"2023-04-03T14:44:22+00:00\",\"dateModified\":\"2024-07-29T11:56:35+00:00\",\"mainEntityOfPage\":{\"@id\":\"https:\\\/\\\/clusterhabitat.pt\\\/en\\\/sustainable-habitat-cluster-participates-in-a-technical-session-organized-by-ordem-dos-engenheiros\\\/\"},\"wordCount\":241,\"publisher\":{\"@id\":\"https:\\\/\\\/clusterhabitat.pt\\\/#organization\"},\"image\":{\"@id\":\"https:\\\/\\\/clusterhabitat.pt\\\/en\\\/sustainable-habitat-cluster-participates-in-a-technical-session-organized-by-ordem-dos-engenheiros\\\/#primaryimage\"},\"thumbnailUrl\":\"https:\\\/\\\/clusterhabitat.pt\\\/wp-content\\\/uploads\\\/2024\\\/03\\\/Sessao-Tecnica_Ordem-dos-Engenheiros_destaque-01.png\",\"articleSection\":[\"News\"],\"inLanguage\":\"en-US\"},{\"@type\":\"WebPage\",\"@id\":\"https:\\\/\\\/clusterhabitat.pt\\\/en\\\/sustainable-habitat-cluster-participates-in-a-technical-session-organized-by-ordem-dos-engenheiros\\\/\",\"url\":\"https:\\\/\\\/clusterhabitat.pt\\\/en\\\/sustainable-habitat-cluster-participates-in-a-technical-session-organized-by-ordem-dos-engenheiros\\\/\",\"name\":\"Cluster Habitat Sustent\u00e1vel participates in a Technical Session organized by Ordem dos Engenheiros - Cluster Habitat Sustent\u00e1vel\",\"isPartOf\":{\"@id\":\"https:\\\/\\\/clusterhabitat.pt\\\/#website\"},\"primaryImageOfPage\":{\"@id\":\"https:\\\/\\\/clusterhabitat.pt\\\/en\\\/sustainable-habitat-cluster-participates-in-a-technical-session-organized-by-ordem-dos-engenheiros\\\/#primaryimage\"},\"image\":{\"@id\":\"https:\\\/\\\/clusterhabitat.pt\\\/en\\\/sustainable-habitat-cluster-participates-in-a-technical-session-organized-by-ordem-dos-engenheiros\\\/#primaryimage\"},\"thumbnailUrl\":\"https:\\\/\\\/clusterhabitat.pt\\\/wp-content\\\/uploads\\\/2024\\\/03\\\/Sessao-Tecnica_Ordem-dos-Engenheiros_destaque-01.png\",\"datePublished\":\"2023-04-03T14:44:22+00:00\",\"dateModified\":\"2024-07-29T11:56:35+00:00\",\"breadcrumb\":{\"@id\":\"https:\\\/\\\/clusterhabitat.pt\\\/en\\\/sustainable-habitat-cluster-participates-in-a-technical-session-organized-by-ordem-dos-engenheiros\\\/#breadcrumb\"},\"inLanguage\":\"en-US\",\"potentialAction\":[{\"@type\":\"ReadAction\",\"target\":[\"https:\\\/\\\/clusterhabitat.pt\\\/en\\\/sustainable-habitat-cluster-participates-in-a-technical-session-organized-by-ordem-dos-engenheiros\\\/\"]}]},{\"@type\":\"ImageObject\",\"inLanguage\":\"en-US\",\"@id\":\"https:\\\/\\\/clusterhabitat.pt\\\/en\\\/sustainable-habitat-cluster-participates-in-a-technical-session-organized-by-ordem-dos-engenheiros\\\/#primaryimage\",\"url\":\"https:\\\/\\\/clusterhabitat.pt\\\/wp-content\\\/uploads\\\/2024\\\/03\\\/Sessao-Tecnica_Ordem-dos-Engenheiros_destaque-01.png\",\"contentUrl\":\"https:\\\/\\\/clusterhabitat.pt\\\/wp-content\\\/uploads\\\/2024\\\/03\\\/Sessao-Tecnica_Ordem-dos-Engenheiros_destaque-01.png\",\"width\":2500,\"height\":2500},{\"@type\":\"BreadcrumbList\",\"@id\":\"https:\\\/\\\/clusterhabitat.pt\\\/en\\\/sustainable-habitat-cluster-participates-in-a-technical-session-organized-by-ordem-dos-engenheiros\\\/#breadcrumb\",\"itemListElement\":[{\"@type\":\"ListItem\",\"position\":1,\"name\":\"In\u00edcio\",\"item\":\"https:\\\/\\\/clusterhabitat.pt\\\/en\\\/\"},{\"@type\":\"ListItem\",\"position\":2,\"name\":\"Cluster Habitat Sustent\u00e1vel participates in a Technical Session organized by Ordem dos Engenheiros\"}]},{\"@type\":\"WebSite\",\"@id\":\"https:\\\/\\\/clusterhabitat.pt\\\/#website\",\"url\":\"https:\\\/\\\/clusterhabitat.pt\\\/\",\"name\":\"Cluster Habitat Sustent\u00e1vel\",\"description\":\"\",\"publisher\":{\"@id\":\"https:\\\/\\\/clusterhabitat.pt\\\/#organization\"},\"potentialAction\":[{\"@type\":\"SearchAction\",\"target\":{\"@type\":\"EntryPoint\",\"urlTemplate\":\"https:\\\/\\\/clusterhabitat.pt\\\/?s={search_term_string}\"},\"query-input\":{\"@type\":\"PropertyValueSpecification\",\"valueRequired\":true,\"valueName\":\"search_term_string\"}}],\"inLanguage\":\"en-US\"},{\"@type\":\"Organization\",\"@id\":\"https:\\\/\\\/clusterhabitat.pt\\\/#organization\",\"name\":\"Cluster Habitat Sustent\u00e1vel\",\"url\":\"https:\\\/\\\/clusterhabitat.pt\\\/\",\"logo\":{\"@type\":\"ImageObject\",\"inLanguage\":\"en-US\",\"@id\":\"https:\\\/\\\/clusterhabitat.pt\\\/#\\\/schema\\\/logo\\\/image\\\/\",\"url\":\"https:\\\/\\\/clusterhabitat.pt\\\/wp-content\\\/uploads\\\/2024\\\/01\\\/cropped-Cluster-Logo.png\",\"contentUrl\":\"https:\\\/\\\/clusterhabitat.pt\\\/wp-content\\\/uploads\\\/2024\\\/01\\\/cropped-Cluster-Logo.png\",\"width\":203,\"height\":40,\"caption\":\"Cluster Habitat Sustent\u00e1vel\"},\"image\":{\"@id\":\"https:\\\/\\\/clusterhabitat.pt\\\/#\\\/schema\\\/logo\\\/image\\\/\"},\"sameAs\":[\"https:\\\/\\\/www.facebook.com\\\/clusterhabitat\",\"https:\\\/\\\/x.com\\\/ClusterHabitat\",\"https:\\\/\\\/www.linkedin.com\\\/company\\\/associao-plataforma-para-a-construo-sustentvel\\\/\"]},{\"@type\":\"Person\",\"@id\":\"https:\\\/\\\/clusterhabitat.pt\\\/#\\\/schema\\\/person\\\/5e5eae6b6d2feef1be163561675d9316\",\"name\":\"Marketing\",\"image\":{\"@type\":\"ImageObject\",\"inLanguage\":\"en-US\",\"@id\":\"https:\\\/\\\/clusterhabitat.pt\\\/wp-content\\\/litespeed\\\/avatar\\\/ba32b5ea3f9d75a03670176cf00cd944.jpg?ver=1777434486\",\"url\":\"https:\\\/\\\/clusterhabitat.pt\\\/wp-content\\\/litespeed\\\/avatar\\\/ba32b5ea3f9d75a03670176cf00cd944.jpg?ver=1777434486\",\"contentUrl\":\"https:\\\/\\\/clusterhabitat.pt\\\/wp-content\\\/litespeed\\\/avatar\\\/ba32b5ea3f9d75a03670176cf00cd944.jpg?ver=1777434486\",\"caption\":\"Marketing\"},\"url\":\"https:\\\/\\\/clusterhabitat.pt\\\/en\\\/author\\\/marketing\\\/\"}]}<\/script>\n<!-- \/ Yoast SEO plugin. -->","yoast_head_json":{"title":"Cluster Habitat Sustent\u00e1vel participates in a Technical Session organized by Ordem dos Engenheiros - Cluster Habitat Sustent\u00e1vel","robots":{"index":"index","follow":"follow","max-snippet":"max-snippet:-1","max-image-preview":"max-image-preview:large","max-video-preview":"max-video-preview:-1"},"canonical":"https:\/\/clusterhabitat.pt\/en\/sustainable-habitat-cluster-participates-in-a-technical-session-organized-by-ordem-dos-engenheiros\/","og_locale":"en_US","og_type":"article","og_title":"Cluster Habitat Sustent\u00e1vel participates in a Technical Session organized by Ordem dos Engenheiros - Cluster Habitat Sustent\u00e1vel","og_description":"On March 31st, Cluster Habitat Sustent\u00e1vel participated in the Technical Session \u201cAnalysis of the Life Cycle in Construction - Contributions of Civil Engineering\u201d, organized by Ordem dos Engenheiros.","og_url":"https:\/\/clusterhabitat.pt\/en\/sustainable-habitat-cluster-participates-in-a-technical-session-organized-by-ordem-dos-engenheiros\/","og_site_name":"Cluster Habitat Sustent\u00e1vel","article_publisher":"https:\/\/www.facebook.com\/clusterhabitat","article_published_time":"2023-04-03T14:44:22+00:00","article_modified_time":"2024-07-29T11:56:35+00:00","og_image":[{"width":2500,"height":2500,"url":"https:\/\/clusterhabitat.pt\/wp-content\/uploads\/2024\/03\/Sessao-Tecnica_Ordem-dos-Engenheiros_destaque-01.png","type":"image\/png"}],"author":"Marketing","twitter_card":"summary_large_image","twitter_creator":"@ClusterHabitat","twitter_site":"@ClusterHabitat","twitter_misc":{"Written by":"Marketing","Est. reading time":"2 minutes"},"schema":{"@context":"https:\/\/schema.org","@graph":[{"@type":"Article","@id":"https:\/\/clusterhabitat.pt\/en\/sustainable-habitat-cluster-participates-in-a-technical-session-organized-by-ordem-dos-engenheiros\/#article","isPartOf":{"@id":"https:\/\/clusterhabitat.pt\/en\/sustainable-habitat-cluster-participates-in-a-technical-session-organized-by-ordem-dos-engenheiros\/"},"author":{"name":"Marketing","@id":"https:\/\/clusterhabitat.pt\/#\/schema\/person\/5e5eae6b6d2feef1be163561675d9316"},"headline":"Cluster Habitat Sustent\u00e1vel participates in a Technical Session organized by Ordem dos Engenheiros","datePublished":"2023-04-03T14:44:22+00:00","dateModified":"2024-07-29T11:56:35+00:00","mainEntityOfPage":{"@id":"https:\/\/clusterhabitat.pt\/en\/sustainable-habitat-cluster-participates-in-a-technical-session-organized-by-ordem-dos-engenheiros\/"},"wordCount":241,"publisher":{"@id":"https:\/\/clusterhabitat.pt\/#organization"},"image":{"@id":"https:\/\/clusterhabitat.pt\/en\/sustainable-habitat-cluster-participates-in-a-technical-session-organized-by-ordem-dos-engenheiros\/#primaryimage"},"thumbnailUrl":"https:\/\/clusterhabitat.pt\/wp-content\/uploads\/2024\/03\/Sessao-Tecnica_Ordem-dos-Engenheiros_destaque-01.png","articleSection":["News"],"inLanguage":"en-US"},{"@type":"WebPage","@id":"https:\/\/clusterhabitat.pt\/en\/sustainable-habitat-cluster-participates-in-a-technical-session-organized-by-ordem-dos-engenheiros\/","url":"https:\/\/clusterhabitat.pt\/en\/sustainable-habitat-cluster-participates-in-a-technical-session-organized-by-ordem-dos-engenheiros\/","name":"Cluster Habitat Sustent\u00e1vel participates in a Technical Session organized by Ordem dos Engenheiros - Cluster Habitat Sustent\u00e1vel","isPartOf":{"@id":"https:\/\/clusterhabitat.pt\/#website"},"primaryImageOfPage":{"@id":"https:\/\/clusterhabitat.pt\/en\/sustainable-habitat-cluster-participates-in-a-technical-session-organized-by-ordem-dos-engenheiros\/#primaryimage"},"image":{"@id":"https:\/\/clusterhabitat.pt\/en\/sustainable-habitat-cluster-participates-in-a-technical-session-organized-by-ordem-dos-engenheiros\/#primaryimage"},"thumbnailUrl":"https:\/\/clusterhabitat.pt\/wp-content\/uploads\/2024\/03\/Sessao-Tecnica_Ordem-dos-Engenheiros_destaque-01.png","datePublished":"2023-04-03T14:44:22+00:00","dateModified":"2024-07-29T11:56:35+00:00","breadcrumb":{"@id":"https:\/\/clusterhabitat.pt\/en\/sustainable-habitat-cluster-participates-in-a-technical-session-organized-by-ordem-dos-engenheiros\/#breadcrumb"},"inLanguage":"en-US","potentialAction":[{"@type":"ReadAction","target":["https:\/\/clusterhabitat.pt\/en\/sustainable-habitat-cluster-participates-in-a-technical-session-organized-by-ordem-dos-engenheiros\/"]}]},{"@type":"ImageObject","inLanguage":"en-US","@id":"https:\/\/clusterhabitat.pt\/en\/sustainable-habitat-cluster-participates-in-a-technical-session-organized-by-ordem-dos-engenheiros\/#primaryimage","url":"https:\/\/clusterhabitat.pt\/wp-content\/uploads\/2024\/03\/Sessao-Tecnica_Ordem-dos-Engenheiros_destaque-01.png","contentUrl":"https:\/\/clusterhabitat.pt\/wp-content\/uploads\/2024\/03\/Sessao-Tecnica_Ordem-dos-Engenheiros_destaque-01.png","width":2500,"height":2500},{"@type":"BreadcrumbList","@id":"https:\/\/clusterhabitat.pt\/en\/sustainable-habitat-cluster-participates-in-a-technical-session-organized-by-ordem-dos-engenheiros\/#breadcrumb","itemListElement":[{"@type":"ListItem","position":1,"name":"In\u00edcio","item":"https:\/\/clusterhabitat.pt\/en\/"},{"@type":"ListItem","position":2,"name":"Cluster Habitat Sustent\u00e1vel participates in a Technical Session organized by Ordem dos Engenheiros"}]},{"@type":"WebSite","@id":"https:\/\/clusterhabitat.pt\/#website","url":"https:\/\/clusterhabitat.pt\/","name":"Cluster Habitat Sustent\u00e1vel","description":"","publisher":{"@id":"https:\/\/clusterhabitat.pt\/#organization"},"potentialAction":[{"@type":"SearchAction","target":{"@type":"EntryPoint","urlTemplate":"https:\/\/clusterhabitat.pt\/?s={search_term_string}"},"query-input":{"@type":"PropertyValueSpecification","valueRequired":true,"valueName":"search_term_string"}}],"inLanguage":"en-US"},{"@type":"Organization","@id":"https:\/\/clusterhabitat.pt\/#organization","name":"Cluster Habitat Sustent\u00e1vel","url":"https:\/\/clusterhabitat.pt\/","logo":{"@type":"ImageObject","inLanguage":"en-US","@id":"https:\/\/clusterhabitat.pt\/#\/schema\/logo\/image\/","url":"https:\/\/clusterhabitat.pt\/wp-content\/uploads\/2024\/01\/cropped-Cluster-Logo.png","contentUrl":"https:\/\/clusterhabitat.pt\/wp-content\/uploads\/2024\/01\/cropped-Cluster-Logo.png","width":203,"height":40,"caption":"Cluster Habitat Sustent\u00e1vel"},"image":{"@id":"https:\/\/clusterhabitat.pt\/#\/schema\/logo\/image\/"},"sameAs":["https:\/\/www.facebook.com\/clusterhabitat","https:\/\/x.com\/ClusterHabitat","https:\/\/www.linkedin.com\/company\/associao-plataforma-para-a-construo-sustentvel\/"]},{"@type":"Person","@id":"https:\/\/clusterhabitat.pt\/#\/schema\/person\/5e5eae6b6d2feef1be163561675d9316","name":"Marketing","image":{"@type":"ImageObject","inLanguage":"en-US","@id":"https:\/\/clusterhabitat.pt\/wp-content\/litespeed\/avatar\/ba32b5ea3f9d75a03670176cf00cd944.jpg?ver=1777434486","url":"https:\/\/clusterhabitat.pt\/wp-content\/litespeed\/avatar\/ba32b5ea3f9d75a03670176cf00cd944.jpg?ver=1777434486","contentUrl":"https:\/\/clusterhabitat.pt\/wp-content\/litespeed\/avatar\/ba32b5ea3f9d75a03670176cf00cd944.jpg?ver=1777434486","caption":"Marketing"},"url":"https:\/\/clusterhabitat.pt\/en\/author\/marketing\/"}]}},"_links":{"self":[{"href":"https:\/\/clusterhabitat.pt\/en\/wp-json\/wp\/v2\/posts\/5305","targetHints":{"allow":["GET"]}}],"collection":[{"href":"https:\/\/clusterhabitat.pt\/en\/wp-json\/wp\/v2\/posts"}],"about":[{"href":"https:\/\/clusterhabitat.pt\/en\/wp-json\/wp\/v2\/types\/post"}],"author":[{"embeddable":true,"href":"https:\/\/clusterhabitat.pt\/en\/wp-json\/wp\/v2\/users\/3"}],"replies":[{"embeddable":true,"href":"https:\/\/clusterhabitat.pt\/en\/wp-json\/wp\/v2\/comments?post=5305"}],"version-history":[{"count":6,"href":"https:\/\/clusterhabitat.pt\/en\/wp-json\/wp\/v2\/posts\/5305\/revisions"}],"predecessor-version":[{"id":8404,"href":"https:\/\/clusterhabitat.pt\/en\/wp-json\/wp\/v2\/posts\/5305\/revisions\/8404"}],"wp:featuredmedia":[{"embeddable":true,"href":"https:\/\/clusterhabitat.pt\/en\/wp-json\/wp\/v2\/media\/3268"}],"wp:attachment":[{"href":"https:\/\/clusterhabitat.pt\/en\/wp-json\/wp\/v2\/media?parent=5305"}],"wp:term":[{"taxonomy":"category","embeddable":true,"href":"https:\/\/clusterhabitat.pt\/en\/wp-json\/wp\/v2\/categories?post=5305"},{"taxonomy":"post_tag","embeddable":true,"href":"https:\/\/clusterhabitat.pt\/en\/wp-json\/wp\/v2\/tags?post=5305"}],"curies":[{"name":"wp","href":"https:\/\/api.w.org\/{rel}","templated":true}]}}