{"id":5662,"date":"2022-10-15T16:07:13","date_gmt":"2022-10-15T16:07:13","guid":{"rendered":"https:\/\/clusterhabitat.pt\/cluster-habitat-sustentavel-was-present-at-the-enterprise-europe-network-event-at-concreta-2022\/"},"modified":"2025-08-05T14:54:14","modified_gmt":"2025-08-05T14:54:14","slug":"cluster-habitat-sustentavel-was-present-at-the-enterprise-europe-network-event-at-concreta-2022","status":"publish","type":"post","link":"https:\/\/clusterhabitat.pt\/en\/cluster-habitat-sustentavel-was-present-at-the-enterprise-europe-network-event-at-concreta-2022\/","title":{"rendered":"Cluster Habitat Sustent\u00e1vel was present at the Enterprise Europe Network event at Concreta 2022"},"content":{"rendered":"<p>[vc_row][vc_column][vc_column_text]<\/p>\n<p class=\"rtejustify\">On <strong> October 13<\/strong>, there was a <strong>general meeting of the EEN construction sector group<\/strong>, where topics related to <strong>sustainability, innovation and circular economy in the construction sector<\/strong> were discussed and analyzed, and <strong>experiences and knowledge <\/strong> on this topic were also shared among the participants in the meeting.<\/p>\n<p>&nbsp;<\/p>\n<p class=\"rtejustify\">This meeting had the presence and participation of <strong>Cluster Habitat Sustent\u00e1vel<\/strong> with an intervention on \u201c<strong>Decarbonization, sustainability and circular economy in the Habitat value chain<\/strong>\u201d, of the <strong>CTCV<\/strong> that addressed the theme of \u201c<strong>Innovation in sustainable ceramic products and materials for construction<\/strong>\u201d and also of the <strong>Preceram Group<\/strong>, which answered the question \u201c<strong>Circular economy in construction \u2013 what changes?<\/strong>\u201d.<\/p>\n<p>&nbsp;<\/p>\n<p class=\"rtejustify\">Finally, on <strong>October 14<\/strong>, a visit to the CONCRETA fair was carried out with the entire group, which also included a session of \u201c<strong>Creative Talks<\/strong>\u201d focused on <strong>sustainability and digitalization<\/strong> in the areas of <strong>architecture, engineering and construction<\/strong>, which included interventions by the <strong>Cluster Habitat Sustent\u00e1vel<\/strong> and <strong>Amorim Cork Insulation<\/strong>, in addition to interventions by elements of the <strong>European Commission <\/strong> (<strong>DG Grow and European Innovation Council<\/strong>).<\/p>\n<p>&nbsp;<\/p>\n<p>&nbsp;<\/p>\n<p>[\/vc_column_text][vc_media_grid element_width=&#8221;6&#8243; gap=&#8221;10&#8243; grid_id=&#8221;vc_gid:1715682124273-bb81ac1d-c4e2-4&#8243; include=&#8221;5653,5655,5657,5659&#8243;][\/vc_column][\/vc_row]<\/p>\n","protected":false},"excerpt":{"rendered":"<p>O Cluster Habitat Sustent\u00e1vel was present at the EEN event organized by AIDA-CCI and the EEN construction sector group. This event, to which the Cluster was invited, took place at the CONCRETA fair at EXPONOR on the 13th and 14th of October, and was attended by some members of the Cluster (Amorim Cork Insulation, CTCV and Grupo Preceram).<\/p>\n","protected":false},"author":4,"featured_media":5654,"comment_status":"closed","ping_status":"closed","sticky":false,"template":"","format":"standard","meta":{"_monsterinsights_skip_tracking":false,"_monsterinsights_sitenote_active":false,"_monsterinsights_sitenote_note":"","_monsterinsights_sitenote_category":0,"footnotes":""},"categories":[63],"tags":[],"class_list":["post-5662","post","type-post","status-publish","format-standard","has-post-thumbnail","hentry","category-noticias"],"yoast_head":"<!-- This site is optimized with the Yoast SEO plugin v27.5 - https:\/\/yoast.com\/product\/yoast-seo-wordpress\/ -->\n<title>Cluster Habitat Sustent\u00e1vel was present at the Enterprise Europe Network event at Concreta 2022 - Cluster Habitat Sustent\u00e1vel<\/title>\n<meta name=\"robots\" content=\"index, follow, max-snippet:-1, max-image-preview:large, max-video-preview:-1\" \/>\n<link rel=\"canonical\" href=\"https:\/\/clusterhabitat.pt\/en\/cluster-habitat-sustentavel-was-present-at-the-enterprise-europe-network-event-at-concreta-2022\/\" \/>\n<meta property=\"og:locale\" content=\"en_US\" \/>\n<meta property=\"og:type\" content=\"article\" \/>\n<meta property=\"og:title\" content=\"Cluster Habitat Sustent\u00e1vel was present at the Enterprise Europe Network event at Concreta 2022 - Cluster Habitat Sustent\u00e1vel\" \/>\n<meta property=\"og:description\" content=\"O Cluster Habitat Sustent\u00e1vel was present at the EEN event organized by AIDA-CCI and the EEN construction sector group. This event, to which the Cluster was invited, took place at the CONCRETA fair at EXPONOR on the 13th and 14th of October, and was attended by some members of the Cluster (Amorim Cork Insulation, CTCV and Grupo Preceram).\" \/>\n<meta property=\"og:url\" content=\"https:\/\/clusterhabitat.pt\/en\/cluster-habitat-sustentavel-was-present-at-the-enterprise-europe-network-event-at-concreta-2022\/\" \/>\n<meta property=\"og:site_name\" content=\"Cluster Habitat Sustent\u00e1vel\" \/>\n<meta property=\"article:publisher\" content=\"https:\/\/www.facebook.com\/clusterhabitat\" \/>\n<meta property=\"article:published_time\" content=\"2022-10-15T16:07:13+00:00\" \/>\n<meta property=\"article:modified_time\" content=\"2025-08-05T14:54:14+00:00\" \/>\n<meta property=\"og:image\" content=\"https:\/\/clusterhabitat.pt\/wp-content\/uploads\/2022\/10\/b2d3af99-3b41-4a8c-a18e-db5418ff307d.jpg\" \/>\n\t<meta property=\"og:image:width\" content=\"1600\" \/>\n\t<meta property=\"og:image:height\" content=\"1200\" \/>\n\t<meta property=\"og:image:type\" content=\"image\/jpeg\" \/>\n<meta name=\"author\" content=\"Dep. T\u00e9cnico\" \/>\n<meta name=\"twitter:card\" content=\"summary_large_image\" \/>\n<meta name=\"twitter:creator\" content=\"@ClusterHabitat\" \/>\n<meta name=\"twitter:site\" content=\"@ClusterHabitat\" \/>\n<meta name=\"twitter:label1\" content=\"Written by\" \/>\n\t<meta name=\"twitter:data1\" content=\"Dep. T\u00e9cnico\" \/>\n\t<meta name=\"twitter:label2\" content=\"Est. reading time\" \/>\n\t<meta name=\"twitter:data2\" content=\"2 minutes\" \/>\n<script type=\"application\/ld+json\" class=\"yoast-schema-graph\">{\"@context\":\"https:\\\/\\\/schema.org\",\"@graph\":[{\"@type\":\"Article\",\"@id\":\"https:\\\/\\\/clusterhabitat.pt\\\/en\\\/cluster-habitat-sustentavel-was-present-at-the-enterprise-europe-network-event-at-concreta-2022\\\/#article\",\"isPartOf\":{\"@id\":\"https:\\\/\\\/clusterhabitat.pt\\\/en\\\/cluster-habitat-sustentavel-was-present-at-the-enterprise-europe-network-event-at-concreta-2022\\\/\"},\"author\":{\"name\":\"Dep. T\u00e9cnico\",\"@id\":\"https:\\\/\\\/clusterhabitat.pt\\\/#\\\/schema\\\/person\\\/cbf1c9d1fa2a0532efb35af2fa1796cd\"},\"headline\":\"Cluster Habitat Sustent\u00e1vel was present at the Enterprise Europe Network event at Concreta 2022\",\"datePublished\":\"2022-10-15T16:07:13+00:00\",\"dateModified\":\"2025-08-05T14:54:14+00:00\",\"mainEntityOfPage\":{\"@id\":\"https:\\\/\\\/clusterhabitat.pt\\\/en\\\/cluster-habitat-sustentavel-was-present-at-the-enterprise-europe-network-event-at-concreta-2022\\\/\"},\"wordCount\":219,\"publisher\":{\"@id\":\"https:\\\/\\\/clusterhabitat.pt\\\/#organization\"},\"image\":{\"@id\":\"https:\\\/\\\/clusterhabitat.pt\\\/en\\\/cluster-habitat-sustentavel-was-present-at-the-enterprise-europe-network-event-at-concreta-2022\\\/#primaryimage\"},\"thumbnailUrl\":\"https:\\\/\\\/clusterhabitat.pt\\\/wp-content\\\/uploads\\\/2022\\\/10\\\/b2d3af99-3b41-4a8c-a18e-db5418ff307d.jpg\",\"articleSection\":[\"News\"],\"inLanguage\":\"en-US\"},{\"@type\":\"WebPage\",\"@id\":\"https:\\\/\\\/clusterhabitat.pt\\\/en\\\/cluster-habitat-sustentavel-was-present-at-the-enterprise-europe-network-event-at-concreta-2022\\\/\",\"url\":\"https:\\\/\\\/clusterhabitat.pt\\\/en\\\/cluster-habitat-sustentavel-was-present-at-the-enterprise-europe-network-event-at-concreta-2022\\\/\",\"name\":\"Cluster Habitat Sustent\u00e1vel was present at the Enterprise Europe Network event at Concreta 2022 - Cluster Habitat Sustent\u00e1vel\",\"isPartOf\":{\"@id\":\"https:\\\/\\\/clusterhabitat.pt\\\/#website\"},\"primaryImageOfPage\":{\"@id\":\"https:\\\/\\\/clusterhabitat.pt\\\/en\\\/cluster-habitat-sustentavel-was-present-at-the-enterprise-europe-network-event-at-concreta-2022\\\/#primaryimage\"},\"image\":{\"@id\":\"https:\\\/\\\/clusterhabitat.pt\\\/en\\\/cluster-habitat-sustentavel-was-present-at-the-enterprise-europe-network-event-at-concreta-2022\\\/#primaryimage\"},\"thumbnailUrl\":\"https:\\\/\\\/clusterhabitat.pt\\\/wp-content\\\/uploads\\\/2022\\\/10\\\/b2d3af99-3b41-4a8c-a18e-db5418ff307d.jpg\",\"datePublished\":\"2022-10-15T16:07:13+00:00\",\"dateModified\":\"2025-08-05T14:54:14+00:00\",\"breadcrumb\":{\"@id\":\"https:\\\/\\\/clusterhabitat.pt\\\/en\\\/cluster-habitat-sustentavel-was-present-at-the-enterprise-europe-network-event-at-concreta-2022\\\/#breadcrumb\"},\"inLanguage\":\"en-US\",\"potentialAction\":[{\"@type\":\"ReadAction\",\"target\":[\"https:\\\/\\\/clusterhabitat.pt\\\/en\\\/cluster-habitat-sustentavel-was-present-at-the-enterprise-europe-network-event-at-concreta-2022\\\/\"]}]},{\"@type\":\"ImageObject\",\"inLanguage\":\"en-US\",\"@id\":\"https:\\\/\\\/clusterhabitat.pt\\\/en\\\/cluster-habitat-sustentavel-was-present-at-the-enterprise-europe-network-event-at-concreta-2022\\\/#primaryimage\",\"url\":\"https:\\\/\\\/clusterhabitat.pt\\\/wp-content\\\/uploads\\\/2022\\\/10\\\/b2d3af99-3b41-4a8c-a18e-db5418ff307d.jpg\",\"contentUrl\":\"https:\\\/\\\/clusterhabitat.pt\\\/wp-content\\\/uploads\\\/2022\\\/10\\\/b2d3af99-3b41-4a8c-a18e-db5418ff307d.jpg\",\"width\":1600,\"height\":1200},{\"@type\":\"BreadcrumbList\",\"@id\":\"https:\\\/\\\/clusterhabitat.pt\\\/en\\\/cluster-habitat-sustentavel-was-present-at-the-enterprise-europe-network-event-at-concreta-2022\\\/#breadcrumb\",\"itemListElement\":[{\"@type\":\"ListItem\",\"position\":1,\"name\":\"In\u00edcio\",\"item\":\"https:\\\/\\\/clusterhabitat.pt\\\/en\\\/\"},{\"@type\":\"ListItem\",\"position\":2,\"name\":\"Cluster Habitat Sustent\u00e1vel was present at the Enterprise Europe Network event at Concreta 2022\"}]},{\"@type\":\"WebSite\",\"@id\":\"https:\\\/\\\/clusterhabitat.pt\\\/#website\",\"url\":\"https:\\\/\\\/clusterhabitat.pt\\\/\",\"name\":\"Cluster Habitat Sustent\u00e1vel\",\"description\":\"\",\"publisher\":{\"@id\":\"https:\\\/\\\/clusterhabitat.pt\\\/#organization\"},\"potentialAction\":[{\"@type\":\"SearchAction\",\"target\":{\"@type\":\"EntryPoint\",\"urlTemplate\":\"https:\\\/\\\/clusterhabitat.pt\\\/?s={search_term_string}\"},\"query-input\":{\"@type\":\"PropertyValueSpecification\",\"valueRequired\":true,\"valueName\":\"search_term_string\"}}],\"inLanguage\":\"en-US\"},{\"@type\":\"Organization\",\"@id\":\"https:\\\/\\\/clusterhabitat.pt\\\/#organization\",\"name\":\"Cluster Habitat Sustent\u00e1vel\",\"url\":\"https:\\\/\\\/clusterhabitat.pt\\\/\",\"logo\":{\"@type\":\"ImageObject\",\"inLanguage\":\"en-US\",\"@id\":\"https:\\\/\\\/clusterhabitat.pt\\\/#\\\/schema\\\/logo\\\/image\\\/\",\"url\":\"https:\\\/\\\/clusterhabitat.pt\\\/wp-content\\\/uploads\\\/2024\\\/01\\\/cropped-Cluster-Logo.png\",\"contentUrl\":\"https:\\\/\\\/clusterhabitat.pt\\\/wp-content\\\/uploads\\\/2024\\\/01\\\/cropped-Cluster-Logo.png\",\"width\":203,\"height\":40,\"caption\":\"Cluster Habitat Sustent\u00e1vel\"},\"image\":{\"@id\":\"https:\\\/\\\/clusterhabitat.pt\\\/#\\\/schema\\\/logo\\\/image\\\/\"},\"sameAs\":[\"https:\\\/\\\/www.facebook.com\\\/clusterhabitat\",\"https:\\\/\\\/x.com\\\/ClusterHabitat\",\"https:\\\/\\\/www.linkedin.com\\\/company\\\/associao-plataforma-para-a-construo-sustentvel\\\/\"]},{\"@type\":\"Person\",\"@id\":\"https:\\\/\\\/clusterhabitat.pt\\\/#\\\/schema\\\/person\\\/cbf1c9d1fa2a0532efb35af2fa1796cd\",\"name\":\"Dep. T\u00e9cnico\",\"image\":{\"@type\":\"ImageObject\",\"inLanguage\":\"en-US\",\"@id\":\"https:\\\/\\\/clusterhabitat.pt\\\/wp-content\\\/litespeed\\\/avatar\\\/c919d1d4cd45951b510dc414a77e01c1.jpg?ver=1777433525\",\"url\":\"https:\\\/\\\/clusterhabitat.pt\\\/wp-content\\\/litespeed\\\/avatar\\\/c919d1d4cd45951b510dc414a77e01c1.jpg?ver=1777433525\",\"contentUrl\":\"https:\\\/\\\/clusterhabitat.pt\\\/wp-content\\\/litespeed\\\/avatar\\\/c919d1d4cd45951b510dc414a77e01c1.jpg?ver=1777433525\",\"caption\":\"Dep. T\u00e9cnico\"},\"url\":\"https:\\\/\\\/clusterhabitat.pt\\\/en\\\/author\\\/deptecnico\\\/\"}]}<\/script>\n<!-- \/ Yoast SEO plugin. -->","yoast_head_json":{"title":"Cluster Habitat Sustent\u00e1vel was present at the Enterprise Europe Network event at Concreta 2022 - Cluster Habitat Sustent\u00e1vel","robots":{"index":"index","follow":"follow","max-snippet":"max-snippet:-1","max-image-preview":"max-image-preview:large","max-video-preview":"max-video-preview:-1"},"canonical":"https:\/\/clusterhabitat.pt\/en\/cluster-habitat-sustentavel-was-present-at-the-enterprise-europe-network-event-at-concreta-2022\/","og_locale":"en_US","og_type":"article","og_title":"Cluster Habitat Sustent\u00e1vel was present at the Enterprise Europe Network event at Concreta 2022 - Cluster Habitat Sustent\u00e1vel","og_description":"O Cluster Habitat Sustent\u00e1vel was present at the EEN event organized by AIDA-CCI and the EEN construction sector group. This event, to which the Cluster was invited, took place at the CONCRETA fair at EXPONOR on the 13th and 14th of October, and was attended by some members of the Cluster (Amorim Cork Insulation, CTCV and Grupo Preceram).","og_url":"https:\/\/clusterhabitat.pt\/en\/cluster-habitat-sustentavel-was-present-at-the-enterprise-europe-network-event-at-concreta-2022\/","og_site_name":"Cluster Habitat Sustent\u00e1vel","article_publisher":"https:\/\/www.facebook.com\/clusterhabitat","article_published_time":"2022-10-15T16:07:13+00:00","article_modified_time":"2025-08-05T14:54:14+00:00","og_image":[{"width":1600,"height":1200,"url":"https:\/\/clusterhabitat.pt\/wp-content\/uploads\/2022\/10\/b2d3af99-3b41-4a8c-a18e-db5418ff307d.jpg","type":"image\/jpeg"}],"author":"Dep. T\u00e9cnico","twitter_card":"summary_large_image","twitter_creator":"@ClusterHabitat","twitter_site":"@ClusterHabitat","twitter_misc":{"Written by":"Dep. T\u00e9cnico","Est. reading time":"2 minutes"},"schema":{"@context":"https:\/\/schema.org","@graph":[{"@type":"Article","@id":"https:\/\/clusterhabitat.pt\/en\/cluster-habitat-sustentavel-was-present-at-the-enterprise-europe-network-event-at-concreta-2022\/#article","isPartOf":{"@id":"https:\/\/clusterhabitat.pt\/en\/cluster-habitat-sustentavel-was-present-at-the-enterprise-europe-network-event-at-concreta-2022\/"},"author":{"name":"Dep. T\u00e9cnico","@id":"https:\/\/clusterhabitat.pt\/#\/schema\/person\/cbf1c9d1fa2a0532efb35af2fa1796cd"},"headline":"Cluster Habitat Sustent\u00e1vel was present at the Enterprise Europe Network event at Concreta 2022","datePublished":"2022-10-15T16:07:13+00:00","dateModified":"2025-08-05T14:54:14+00:00","mainEntityOfPage":{"@id":"https:\/\/clusterhabitat.pt\/en\/cluster-habitat-sustentavel-was-present-at-the-enterprise-europe-network-event-at-concreta-2022\/"},"wordCount":219,"publisher":{"@id":"https:\/\/clusterhabitat.pt\/#organization"},"image":{"@id":"https:\/\/clusterhabitat.pt\/en\/cluster-habitat-sustentavel-was-present-at-the-enterprise-europe-network-event-at-concreta-2022\/#primaryimage"},"thumbnailUrl":"https:\/\/clusterhabitat.pt\/wp-content\/uploads\/2022\/10\/b2d3af99-3b41-4a8c-a18e-db5418ff307d.jpg","articleSection":["News"],"inLanguage":"en-US"},{"@type":"WebPage","@id":"https:\/\/clusterhabitat.pt\/en\/cluster-habitat-sustentavel-was-present-at-the-enterprise-europe-network-event-at-concreta-2022\/","url":"https:\/\/clusterhabitat.pt\/en\/cluster-habitat-sustentavel-was-present-at-the-enterprise-europe-network-event-at-concreta-2022\/","name":"Cluster Habitat Sustent\u00e1vel was present at the Enterprise Europe Network event at Concreta 2022 - Cluster Habitat Sustent\u00e1vel","isPartOf":{"@id":"https:\/\/clusterhabitat.pt\/#website"},"primaryImageOfPage":{"@id":"https:\/\/clusterhabitat.pt\/en\/cluster-habitat-sustentavel-was-present-at-the-enterprise-europe-network-event-at-concreta-2022\/#primaryimage"},"image":{"@id":"https:\/\/clusterhabitat.pt\/en\/cluster-habitat-sustentavel-was-present-at-the-enterprise-europe-network-event-at-concreta-2022\/#primaryimage"},"thumbnailUrl":"https:\/\/clusterhabitat.pt\/wp-content\/uploads\/2022\/10\/b2d3af99-3b41-4a8c-a18e-db5418ff307d.jpg","datePublished":"2022-10-15T16:07:13+00:00","dateModified":"2025-08-05T14:54:14+00:00","breadcrumb":{"@id":"https:\/\/clusterhabitat.pt\/en\/cluster-habitat-sustentavel-was-present-at-the-enterprise-europe-network-event-at-concreta-2022\/#breadcrumb"},"inLanguage":"en-US","potentialAction":[{"@type":"ReadAction","target":["https:\/\/clusterhabitat.pt\/en\/cluster-habitat-sustentavel-was-present-at-the-enterprise-europe-network-event-at-concreta-2022\/"]}]},{"@type":"ImageObject","inLanguage":"en-US","@id":"https:\/\/clusterhabitat.pt\/en\/cluster-habitat-sustentavel-was-present-at-the-enterprise-europe-network-event-at-concreta-2022\/#primaryimage","url":"https:\/\/clusterhabitat.pt\/wp-content\/uploads\/2022\/10\/b2d3af99-3b41-4a8c-a18e-db5418ff307d.jpg","contentUrl":"https:\/\/clusterhabitat.pt\/wp-content\/uploads\/2022\/10\/b2d3af99-3b41-4a8c-a18e-db5418ff307d.jpg","width":1600,"height":1200},{"@type":"BreadcrumbList","@id":"https:\/\/clusterhabitat.pt\/en\/cluster-habitat-sustentavel-was-present-at-the-enterprise-europe-network-event-at-concreta-2022\/#breadcrumb","itemListElement":[{"@type":"ListItem","position":1,"name":"In\u00edcio","item":"https:\/\/clusterhabitat.pt\/en\/"},{"@type":"ListItem","position":2,"name":"Cluster Habitat Sustent\u00e1vel was present at the Enterprise Europe Network event at Concreta 2022"}]},{"@type":"WebSite","@id":"https:\/\/clusterhabitat.pt\/#website","url":"https:\/\/clusterhabitat.pt\/","name":"Cluster Habitat Sustent\u00e1vel","description":"","publisher":{"@id":"https:\/\/clusterhabitat.pt\/#organization"},"potentialAction":[{"@type":"SearchAction","target":{"@type":"EntryPoint","urlTemplate":"https:\/\/clusterhabitat.pt\/?s={search_term_string}"},"query-input":{"@type":"PropertyValueSpecification","valueRequired":true,"valueName":"search_term_string"}}],"inLanguage":"en-US"},{"@type":"Organization","@id":"https:\/\/clusterhabitat.pt\/#organization","name":"Cluster Habitat Sustent\u00e1vel","url":"https:\/\/clusterhabitat.pt\/","logo":{"@type":"ImageObject","inLanguage":"en-US","@id":"https:\/\/clusterhabitat.pt\/#\/schema\/logo\/image\/","url":"https:\/\/clusterhabitat.pt\/wp-content\/uploads\/2024\/01\/cropped-Cluster-Logo.png","contentUrl":"https:\/\/clusterhabitat.pt\/wp-content\/uploads\/2024\/01\/cropped-Cluster-Logo.png","width":203,"height":40,"caption":"Cluster Habitat Sustent\u00e1vel"},"image":{"@id":"https:\/\/clusterhabitat.pt\/#\/schema\/logo\/image\/"},"sameAs":["https:\/\/www.facebook.com\/clusterhabitat","https:\/\/x.com\/ClusterHabitat","https:\/\/www.linkedin.com\/company\/associao-plataforma-para-a-construo-sustentvel\/"]},{"@type":"Person","@id":"https:\/\/clusterhabitat.pt\/#\/schema\/person\/cbf1c9d1fa2a0532efb35af2fa1796cd","name":"Dep. T\u00e9cnico","image":{"@type":"ImageObject","inLanguage":"en-US","@id":"https:\/\/clusterhabitat.pt\/wp-content\/litespeed\/avatar\/c919d1d4cd45951b510dc414a77e01c1.jpg?ver=1777433525","url":"https:\/\/clusterhabitat.pt\/wp-content\/litespeed\/avatar\/c919d1d4cd45951b510dc414a77e01c1.jpg?ver=1777433525","contentUrl":"https:\/\/clusterhabitat.pt\/wp-content\/litespeed\/avatar\/c919d1d4cd45951b510dc414a77e01c1.jpg?ver=1777433525","caption":"Dep. T\u00e9cnico"},"url":"https:\/\/clusterhabitat.pt\/en\/author\/deptecnico\/"}]}},"_links":{"self":[{"href":"https:\/\/clusterhabitat.pt\/en\/wp-json\/wp\/v2\/posts\/5662","targetHints":{"allow":["GET"]}}],"collection":[{"href":"https:\/\/clusterhabitat.pt\/en\/wp-json\/wp\/v2\/posts"}],"about":[{"href":"https:\/\/clusterhabitat.pt\/en\/wp-json\/wp\/v2\/types\/post"}],"author":[{"embeddable":true,"href":"https:\/\/clusterhabitat.pt\/en\/wp-json\/wp\/v2\/users\/4"}],"replies":[{"embeddable":true,"href":"https:\/\/clusterhabitat.pt\/en\/wp-json\/wp\/v2\/comments?post=5662"}],"version-history":[{"count":2,"href":"https:\/\/clusterhabitat.pt\/en\/wp-json\/wp\/v2\/posts\/5662\/revisions"}],"predecessor-version":[{"id":5664,"href":"https:\/\/clusterhabitat.pt\/en\/wp-json\/wp\/v2\/posts\/5662\/revisions\/5664"}],"wp:featuredmedia":[{"embeddable":true,"href":"https:\/\/clusterhabitat.pt\/en\/wp-json\/wp\/v2\/media\/5654"}],"wp:attachment":[{"href":"https:\/\/clusterhabitat.pt\/en\/wp-json\/wp\/v2\/media?parent=5662"}],"wp:term":[{"taxonomy":"category","embeddable":true,"href":"https:\/\/clusterhabitat.pt\/en\/wp-json\/wp\/v2\/categories?post=5662"},{"taxonomy":"post_tag","embeddable":true,"href":"https:\/\/clusterhabitat.pt\/en\/wp-json\/wp\/v2\/tags?post=5662"}],"curies":[{"name":"wp","href":"https:\/\/api.w.org\/{rel}","templated":true}]}}