{"id":6347,"date":"2022-04-28T11:02:48","date_gmt":"2022-04-28T11:02:48","guid":{"rendered":"https:\/\/clusterhabitat.pt\/28-apr-roteiro-da-sustentabilidade-intelligence-and-innovation-in-the-urban-environment\/"},"modified":"2024-07-17T11:18:46","modified_gmt":"2024-07-17T11:18:46","slug":"28-apr-roteiro-da-sustentabilidade-intelligence-and-innovation-in-the-urban-environment","status":"publish","type":"post","link":"https:\/\/clusterhabitat.pt\/en\/28-apr-roteiro-da-sustentabilidade-intelligence-and-innovation-in-the-urban-environment\/","title":{"rendered":"Apr 28 | Roteiro da Sustentabilidade: Intelligence and Innovation in the Urban Environment"},"content":{"rendered":"<p>[vc_row][vc_column][vc_column_text]<\/p>\n<p class=\"rtejustify\">This event entitled \u201c<strong>Intelligence and Innovation in the Urban Environment<\/strong>\u201d, is co-organized by <strong>Cluster Habitat Sustent\u00e1vel <\/strong> and <strong>Ubiwhere<\/strong>.<\/p>\n<p>&nbsp;<\/p>\n<p class=\"rtejustify\">The event will consist of presentations of \u201c<strong>innovative initiatives for the green transition in cities<\/strong>\u201d, by three Municipal Councils (<strong>Aveiro, \u00cdlhavo and Santar\u00e9m<\/strong>) and the <strong>Abimota association<\/strong>, will feature interventions by <strong>LNEG &#8211; National Energy and Geology Laboratory<\/strong> on the \u201c<strong>Positive Energy Neighborhoods: the integrated model for the urban energy transition<\/strong>\u201d, and also by <strong>Ubiwhere<\/strong>, on \u201c<strong>The Nervous System of the City: a concept for smart and sustainable cities<\/strong>\u201d.<\/p>\n<p>&nbsp;<\/p>\n<p class=\"rtejustify\">The day will end with a <strong>pitch session<\/strong>, in which the entities <strong>Neoturf <\/strong>&#8211; Constru\u00e7\u00e3o e Manuten\u00e7\u00e3o de Espa\u00e7os Verdes, <strong>T&amp;T<\/strong> \u2013 Multiel\u00e9ctrica, <strong>Signinum <\/strong>&#8211; Gest\u00e3o de Patrim\u00f3nio Cultural <strong>CONCEXEC<\/strong> \u2013 Arquitectura, <strong>Cleanwatts Digital<\/strong>, <strong>WADA Solutions<\/strong>, <strong>Greenlab<\/strong>, and <strong>Areadobras\u00ae<\/strong> Engenharia Sustent\u00e1vel, member of Cluster Habitat Sustent\u00e1vel, will publicize their latest <strong>projects and solutions aimed at sustainable cities and communities<\/strong>.<\/p>\n<p>&nbsp;<\/p>\n<p class=\"rtejustify\">There will also be a demonstration of an <strong>intelligent parking solution in Aveiro<\/strong>, developed by <strong>Ubiwhere<\/strong>, as an example of <strong>innovation and technology applied in cities<\/strong>.<\/p>\n<p>&nbsp;<\/p>\n<p class=\"rtejustify\">Access the <strong>detailed program<\/strong> of the event <u><a href=\"https:\/\/bit.ly\/3v4oC08\" target=\"_blank\" rel=\"noopener\"><strong>HERE<\/strong><\/a><\/u>.<\/p>\n<p>&nbsp;<\/p>\n<p class=\"rtejustify\"><strong>Register now!<\/strong><\/p>\n<p class=\"rtejustify\">Participation is <u>free<\/u>, but <u>prior registration<\/u> must be made through this link: <u><strong><a href=\"https:\/\/forms.gle\/16uctSqTD8LW53EB9\" target=\"_blank\" rel=\"noopener\">https:\/\/forms.gle\/16uctSqTD8LW53EB9<\/a><\/strong><\/u> <\/p>\n<p class=\"rtejustify\">We count on your presence.<\/p>\n<p>&nbsp;<\/p>\n<p>&nbsp;<\/p>\n<p>&nbsp;<\/p>\n<p>[\/vc_column_text][vc_single_image image=&#8221;6343&#8243; img_size=&#8221;medium&#8221;][\/vc_column][\/vc_row]<\/p>\n","protected":false},"excerpt":{"rendered":"<p>The second moment of the Roteiro da Sustentabilidade, an initiative created by the Sustainable Habitat Cluster, will take place on April 28th 2022, at 2:00 pm, at the Edif\u00edcio Atlas (Floor 2) in Aveiro, Portugal.<\/p>\n","protected":false},"author":3,"featured_media":6344,"comment_status":"closed","ping_status":"closed","sticky":false,"template":"","format":"standard","meta":{"_monsterinsights_skip_tracking":false,"_monsterinsights_sitenote_active":false,"_monsterinsights_sitenote_note":"","_monsterinsights_sitenote_category":0,"footnotes":""},"categories":[64],"tags":[],"class_list":["post-6347","post","type-post","status-publish","format-standard","has-post-thumbnail","hentry","category-eventos"],"yoast_head":"<!-- This site is optimized with the Yoast SEO plugin v27.5 - https:\/\/yoast.com\/product\/yoast-seo-wordpress\/ -->\n<title>Apr 28 | Roteiro da Sustentabilidade: Intelligence and Innovation in the Urban Environment - Cluster Habitat Sustent\u00e1vel<\/title>\n<meta name=\"robots\" content=\"index, follow, max-snippet:-1, max-image-preview:large, max-video-preview:-1\" \/>\n<link rel=\"canonical\" href=\"https:\/\/clusterhabitat.pt\/en\/28-apr-roteiro-da-sustentabilidade-intelligence-and-innovation-in-the-urban-environment\/\" \/>\n<meta property=\"og:locale\" content=\"en_US\" \/>\n<meta property=\"og:type\" content=\"article\" \/>\n<meta property=\"og:title\" content=\"Apr 28 | Roteiro da Sustentabilidade: Intelligence and Innovation in the Urban Environment - Cluster Habitat Sustent\u00e1vel\" \/>\n<meta property=\"og:description\" content=\"The second moment of the Roteiro da Sustentabilidade, an initiative created by the Sustainable Habitat Cluster, will take place on April 28th 2022, at 2:00 pm, at the Edif\u00edcio Atlas (Floor 2) in Aveiro, Portugal.\" \/>\n<meta property=\"og:url\" content=\"https:\/\/clusterhabitat.pt\/en\/28-apr-roteiro-da-sustentabilidade-intelligence-and-innovation-in-the-urban-environment\/\" \/>\n<meta property=\"og:site_name\" content=\"Cluster Habitat Sustent\u00e1vel\" \/>\n<meta property=\"article:publisher\" content=\"https:\/\/www.facebook.com\/clusterhabitat\" \/>\n<meta property=\"article:published_time\" content=\"2022-04-28T11:02:48+00:00\" \/>\n<meta property=\"article:modified_time\" content=\"2024-07-17T11:18:46+00:00\" \/>\n<meta property=\"og:image\" content=\"https:\/\/clusterhabitat.pt\/wp-content\/uploads\/2024\/06\/Roteiro-da-Sustentabilidade_28.04.2022.png\" \/>\n\t<meta property=\"og:image:width\" content=\"1080\" \/>\n\t<meta property=\"og:image:height\" content=\"1080\" \/>\n\t<meta property=\"og:image:type\" content=\"image\/png\" \/>\n<meta name=\"author\" content=\"Marketing\" \/>\n<meta name=\"twitter:card\" content=\"summary_large_image\" \/>\n<meta name=\"twitter:creator\" content=\"@ClusterHabitat\" \/>\n<meta name=\"twitter:site\" content=\"@ClusterHabitat\" \/>\n<meta name=\"twitter:label1\" content=\"Written by\" \/>\n\t<meta name=\"twitter:data1\" content=\"Marketing\" \/>\n\t<meta name=\"twitter:label2\" content=\"Est. reading time\" \/>\n\t<meta name=\"twitter:data2\" content=\"1 minute\" \/>\n<script type=\"application\/ld+json\" class=\"yoast-schema-graph\">{\"@context\":\"https:\\\/\\\/schema.org\",\"@graph\":[{\"@type\":\"Article\",\"@id\":\"https:\\\/\\\/clusterhabitat.pt\\\/en\\\/28-apr-roteiro-da-sustentabilidade-intelligence-and-innovation-in-the-urban-environment\\\/#article\",\"isPartOf\":{\"@id\":\"https:\\\/\\\/clusterhabitat.pt\\\/en\\\/28-apr-roteiro-da-sustentabilidade-intelligence-and-innovation-in-the-urban-environment\\\/\"},\"author\":{\"name\":\"Marketing\",\"@id\":\"https:\\\/\\\/clusterhabitat.pt\\\/#\\\/schema\\\/person\\\/5e5eae6b6d2feef1be163561675d9316\"},\"headline\":\"Apr 28 | Roteiro da Sustentabilidade: Intelligence and Innovation in the Urban Environment\",\"datePublished\":\"2022-04-28T11:02:48+00:00\",\"dateModified\":\"2024-07-17T11:18:46+00:00\",\"mainEntityOfPage\":{\"@id\":\"https:\\\/\\\/clusterhabitat.pt\\\/en\\\/28-apr-roteiro-da-sustentabilidade-intelligence-and-innovation-in-the-urban-environment\\\/\"},\"wordCount\":255,\"publisher\":{\"@id\":\"https:\\\/\\\/clusterhabitat.pt\\\/#organization\"},\"image\":{\"@id\":\"https:\\\/\\\/clusterhabitat.pt\\\/en\\\/28-apr-roteiro-da-sustentabilidade-intelligence-and-innovation-in-the-urban-environment\\\/#primaryimage\"},\"thumbnailUrl\":\"https:\\\/\\\/clusterhabitat.pt\\\/wp-content\\\/uploads\\\/2024\\\/06\\\/Roteiro-da-Sustentabilidade_28.04.2022.png\",\"articleSection\":[\"Events\"],\"inLanguage\":\"en-US\"},{\"@type\":\"WebPage\",\"@id\":\"https:\\\/\\\/clusterhabitat.pt\\\/en\\\/28-apr-roteiro-da-sustentabilidade-intelligence-and-innovation-in-the-urban-environment\\\/\",\"url\":\"https:\\\/\\\/clusterhabitat.pt\\\/en\\\/28-apr-roteiro-da-sustentabilidade-intelligence-and-innovation-in-the-urban-environment\\\/\",\"name\":\"Apr 28 | Roteiro da Sustentabilidade: Intelligence and Innovation in the Urban Environment - Cluster Habitat Sustent\u00e1vel\",\"isPartOf\":{\"@id\":\"https:\\\/\\\/clusterhabitat.pt\\\/#website\"},\"primaryImageOfPage\":{\"@id\":\"https:\\\/\\\/clusterhabitat.pt\\\/en\\\/28-apr-roteiro-da-sustentabilidade-intelligence-and-innovation-in-the-urban-environment\\\/#primaryimage\"},\"image\":{\"@id\":\"https:\\\/\\\/clusterhabitat.pt\\\/en\\\/28-apr-roteiro-da-sustentabilidade-intelligence-and-innovation-in-the-urban-environment\\\/#primaryimage\"},\"thumbnailUrl\":\"https:\\\/\\\/clusterhabitat.pt\\\/wp-content\\\/uploads\\\/2024\\\/06\\\/Roteiro-da-Sustentabilidade_28.04.2022.png\",\"datePublished\":\"2022-04-28T11:02:48+00:00\",\"dateModified\":\"2024-07-17T11:18:46+00:00\",\"breadcrumb\":{\"@id\":\"https:\\\/\\\/clusterhabitat.pt\\\/en\\\/28-apr-roteiro-da-sustentabilidade-intelligence-and-innovation-in-the-urban-environment\\\/#breadcrumb\"},\"inLanguage\":\"en-US\",\"potentialAction\":[{\"@type\":\"ReadAction\",\"target\":[\"https:\\\/\\\/clusterhabitat.pt\\\/en\\\/28-apr-roteiro-da-sustentabilidade-intelligence-and-innovation-in-the-urban-environment\\\/\"]}]},{\"@type\":\"ImageObject\",\"inLanguage\":\"en-US\",\"@id\":\"https:\\\/\\\/clusterhabitat.pt\\\/en\\\/28-apr-roteiro-da-sustentabilidade-intelligence-and-innovation-in-the-urban-environment\\\/#primaryimage\",\"url\":\"https:\\\/\\\/clusterhabitat.pt\\\/wp-content\\\/uploads\\\/2024\\\/06\\\/Roteiro-da-Sustentabilidade_28.04.2022.png\",\"contentUrl\":\"https:\\\/\\\/clusterhabitat.pt\\\/wp-content\\\/uploads\\\/2024\\\/06\\\/Roteiro-da-Sustentabilidade_28.04.2022.png\",\"width\":1080,\"height\":1080},{\"@type\":\"BreadcrumbList\",\"@id\":\"https:\\\/\\\/clusterhabitat.pt\\\/en\\\/28-apr-roteiro-da-sustentabilidade-intelligence-and-innovation-in-the-urban-environment\\\/#breadcrumb\",\"itemListElement\":[{\"@type\":\"ListItem\",\"position\":1,\"name\":\"In\u00edcio\",\"item\":\"https:\\\/\\\/clusterhabitat.pt\\\/en\\\/\"},{\"@type\":\"ListItem\",\"position\":2,\"name\":\"Apr 28 | Roteiro da Sustentabilidade: Intelligence and Innovation in the Urban Environment\"}]},{\"@type\":\"WebSite\",\"@id\":\"https:\\\/\\\/clusterhabitat.pt\\\/#website\",\"url\":\"https:\\\/\\\/clusterhabitat.pt\\\/\",\"name\":\"Cluster Habitat Sustent\u00e1vel\",\"description\":\"\",\"publisher\":{\"@id\":\"https:\\\/\\\/clusterhabitat.pt\\\/#organization\"},\"potentialAction\":[{\"@type\":\"SearchAction\",\"target\":{\"@type\":\"EntryPoint\",\"urlTemplate\":\"https:\\\/\\\/clusterhabitat.pt\\\/?s={search_term_string}\"},\"query-input\":{\"@type\":\"PropertyValueSpecification\",\"valueRequired\":true,\"valueName\":\"search_term_string\"}}],\"inLanguage\":\"en-US\"},{\"@type\":\"Organization\",\"@id\":\"https:\\\/\\\/clusterhabitat.pt\\\/#organization\",\"name\":\"Cluster Habitat Sustent\u00e1vel\",\"url\":\"https:\\\/\\\/clusterhabitat.pt\\\/\",\"logo\":{\"@type\":\"ImageObject\",\"inLanguage\":\"en-US\",\"@id\":\"https:\\\/\\\/clusterhabitat.pt\\\/#\\\/schema\\\/logo\\\/image\\\/\",\"url\":\"https:\\\/\\\/clusterhabitat.pt\\\/wp-content\\\/uploads\\\/2024\\\/01\\\/cropped-Cluster-Logo.png\",\"contentUrl\":\"https:\\\/\\\/clusterhabitat.pt\\\/wp-content\\\/uploads\\\/2024\\\/01\\\/cropped-Cluster-Logo.png\",\"width\":203,\"height\":40,\"caption\":\"Cluster Habitat Sustent\u00e1vel\"},\"image\":{\"@id\":\"https:\\\/\\\/clusterhabitat.pt\\\/#\\\/schema\\\/logo\\\/image\\\/\"},\"sameAs\":[\"https:\\\/\\\/www.facebook.com\\\/clusterhabitat\",\"https:\\\/\\\/x.com\\\/ClusterHabitat\",\"https:\\\/\\\/www.linkedin.com\\\/company\\\/associao-plataforma-para-a-construo-sustentvel\\\/\"]},{\"@type\":\"Person\",\"@id\":\"https:\\\/\\\/clusterhabitat.pt\\\/#\\\/schema\\\/person\\\/5e5eae6b6d2feef1be163561675d9316\",\"name\":\"Marketing\",\"image\":{\"@type\":\"ImageObject\",\"inLanguage\":\"en-US\",\"@id\":\"https:\\\/\\\/clusterhabitat.pt\\\/wp-content\\\/litespeed\\\/avatar\\\/ba32b5ea3f9d75a03670176cf00cd944.jpg?ver=1777434486\",\"url\":\"https:\\\/\\\/clusterhabitat.pt\\\/wp-content\\\/litespeed\\\/avatar\\\/ba32b5ea3f9d75a03670176cf00cd944.jpg?ver=1777434486\",\"contentUrl\":\"https:\\\/\\\/clusterhabitat.pt\\\/wp-content\\\/litespeed\\\/avatar\\\/ba32b5ea3f9d75a03670176cf00cd944.jpg?ver=1777434486\",\"caption\":\"Marketing\"},\"url\":\"https:\\\/\\\/clusterhabitat.pt\\\/en\\\/author\\\/marketing\\\/\"}]}<\/script>\n<!-- \/ Yoast SEO plugin. -->","yoast_head_json":{"title":"Apr 28 | Roteiro da Sustentabilidade: Intelligence and Innovation in the Urban Environment - Cluster Habitat Sustent\u00e1vel","robots":{"index":"index","follow":"follow","max-snippet":"max-snippet:-1","max-image-preview":"max-image-preview:large","max-video-preview":"max-video-preview:-1"},"canonical":"https:\/\/clusterhabitat.pt\/en\/28-apr-roteiro-da-sustentabilidade-intelligence-and-innovation-in-the-urban-environment\/","og_locale":"en_US","og_type":"article","og_title":"Apr 28 | Roteiro da Sustentabilidade: Intelligence and Innovation in the Urban Environment - Cluster Habitat Sustent\u00e1vel","og_description":"The second moment of the Roteiro da Sustentabilidade, an initiative created by the Sustainable Habitat Cluster, will take place on April 28th 2022, at 2:00 pm, at the Edif\u00edcio Atlas (Floor 2) in Aveiro, Portugal.","og_url":"https:\/\/clusterhabitat.pt\/en\/28-apr-roteiro-da-sustentabilidade-intelligence-and-innovation-in-the-urban-environment\/","og_site_name":"Cluster Habitat Sustent\u00e1vel","article_publisher":"https:\/\/www.facebook.com\/clusterhabitat","article_published_time":"2022-04-28T11:02:48+00:00","article_modified_time":"2024-07-17T11:18:46+00:00","og_image":[{"width":1080,"height":1080,"url":"https:\/\/clusterhabitat.pt\/wp-content\/uploads\/2024\/06\/Roteiro-da-Sustentabilidade_28.04.2022.png","type":"image\/png"}],"author":"Marketing","twitter_card":"summary_large_image","twitter_creator":"@ClusterHabitat","twitter_site":"@ClusterHabitat","twitter_misc":{"Written by":"Marketing","Est. reading time":"1 minute"},"schema":{"@context":"https:\/\/schema.org","@graph":[{"@type":"Article","@id":"https:\/\/clusterhabitat.pt\/en\/28-apr-roteiro-da-sustentabilidade-intelligence-and-innovation-in-the-urban-environment\/#article","isPartOf":{"@id":"https:\/\/clusterhabitat.pt\/en\/28-apr-roteiro-da-sustentabilidade-intelligence-and-innovation-in-the-urban-environment\/"},"author":{"name":"Marketing","@id":"https:\/\/clusterhabitat.pt\/#\/schema\/person\/5e5eae6b6d2feef1be163561675d9316"},"headline":"Apr 28 | Roteiro da Sustentabilidade: Intelligence and Innovation in the Urban Environment","datePublished":"2022-04-28T11:02:48+00:00","dateModified":"2024-07-17T11:18:46+00:00","mainEntityOfPage":{"@id":"https:\/\/clusterhabitat.pt\/en\/28-apr-roteiro-da-sustentabilidade-intelligence-and-innovation-in-the-urban-environment\/"},"wordCount":255,"publisher":{"@id":"https:\/\/clusterhabitat.pt\/#organization"},"image":{"@id":"https:\/\/clusterhabitat.pt\/en\/28-apr-roteiro-da-sustentabilidade-intelligence-and-innovation-in-the-urban-environment\/#primaryimage"},"thumbnailUrl":"https:\/\/clusterhabitat.pt\/wp-content\/uploads\/2024\/06\/Roteiro-da-Sustentabilidade_28.04.2022.png","articleSection":["Events"],"inLanguage":"en-US"},{"@type":"WebPage","@id":"https:\/\/clusterhabitat.pt\/en\/28-apr-roteiro-da-sustentabilidade-intelligence-and-innovation-in-the-urban-environment\/","url":"https:\/\/clusterhabitat.pt\/en\/28-apr-roteiro-da-sustentabilidade-intelligence-and-innovation-in-the-urban-environment\/","name":"Apr 28 | Roteiro da Sustentabilidade: Intelligence and Innovation in the Urban Environment - Cluster Habitat Sustent\u00e1vel","isPartOf":{"@id":"https:\/\/clusterhabitat.pt\/#website"},"primaryImageOfPage":{"@id":"https:\/\/clusterhabitat.pt\/en\/28-apr-roteiro-da-sustentabilidade-intelligence-and-innovation-in-the-urban-environment\/#primaryimage"},"image":{"@id":"https:\/\/clusterhabitat.pt\/en\/28-apr-roteiro-da-sustentabilidade-intelligence-and-innovation-in-the-urban-environment\/#primaryimage"},"thumbnailUrl":"https:\/\/clusterhabitat.pt\/wp-content\/uploads\/2024\/06\/Roteiro-da-Sustentabilidade_28.04.2022.png","datePublished":"2022-04-28T11:02:48+00:00","dateModified":"2024-07-17T11:18:46+00:00","breadcrumb":{"@id":"https:\/\/clusterhabitat.pt\/en\/28-apr-roteiro-da-sustentabilidade-intelligence-and-innovation-in-the-urban-environment\/#breadcrumb"},"inLanguage":"en-US","potentialAction":[{"@type":"ReadAction","target":["https:\/\/clusterhabitat.pt\/en\/28-apr-roteiro-da-sustentabilidade-intelligence-and-innovation-in-the-urban-environment\/"]}]},{"@type":"ImageObject","inLanguage":"en-US","@id":"https:\/\/clusterhabitat.pt\/en\/28-apr-roteiro-da-sustentabilidade-intelligence-and-innovation-in-the-urban-environment\/#primaryimage","url":"https:\/\/clusterhabitat.pt\/wp-content\/uploads\/2024\/06\/Roteiro-da-Sustentabilidade_28.04.2022.png","contentUrl":"https:\/\/clusterhabitat.pt\/wp-content\/uploads\/2024\/06\/Roteiro-da-Sustentabilidade_28.04.2022.png","width":1080,"height":1080},{"@type":"BreadcrumbList","@id":"https:\/\/clusterhabitat.pt\/en\/28-apr-roteiro-da-sustentabilidade-intelligence-and-innovation-in-the-urban-environment\/#breadcrumb","itemListElement":[{"@type":"ListItem","position":1,"name":"In\u00edcio","item":"https:\/\/clusterhabitat.pt\/en\/"},{"@type":"ListItem","position":2,"name":"Apr 28 | Roteiro da Sustentabilidade: Intelligence and Innovation in the Urban Environment"}]},{"@type":"WebSite","@id":"https:\/\/clusterhabitat.pt\/#website","url":"https:\/\/clusterhabitat.pt\/","name":"Cluster Habitat Sustent\u00e1vel","description":"","publisher":{"@id":"https:\/\/clusterhabitat.pt\/#organization"},"potentialAction":[{"@type":"SearchAction","target":{"@type":"EntryPoint","urlTemplate":"https:\/\/clusterhabitat.pt\/?s={search_term_string}"},"query-input":{"@type":"PropertyValueSpecification","valueRequired":true,"valueName":"search_term_string"}}],"inLanguage":"en-US"},{"@type":"Organization","@id":"https:\/\/clusterhabitat.pt\/#organization","name":"Cluster Habitat Sustent\u00e1vel","url":"https:\/\/clusterhabitat.pt\/","logo":{"@type":"ImageObject","inLanguage":"en-US","@id":"https:\/\/clusterhabitat.pt\/#\/schema\/logo\/image\/","url":"https:\/\/clusterhabitat.pt\/wp-content\/uploads\/2024\/01\/cropped-Cluster-Logo.png","contentUrl":"https:\/\/clusterhabitat.pt\/wp-content\/uploads\/2024\/01\/cropped-Cluster-Logo.png","width":203,"height":40,"caption":"Cluster Habitat Sustent\u00e1vel"},"image":{"@id":"https:\/\/clusterhabitat.pt\/#\/schema\/logo\/image\/"},"sameAs":["https:\/\/www.facebook.com\/clusterhabitat","https:\/\/x.com\/ClusterHabitat","https:\/\/www.linkedin.com\/company\/associao-plataforma-para-a-construo-sustentvel\/"]},{"@type":"Person","@id":"https:\/\/clusterhabitat.pt\/#\/schema\/person\/5e5eae6b6d2feef1be163561675d9316","name":"Marketing","image":{"@type":"ImageObject","inLanguage":"en-US","@id":"https:\/\/clusterhabitat.pt\/wp-content\/litespeed\/avatar\/ba32b5ea3f9d75a03670176cf00cd944.jpg?ver=1777434486","url":"https:\/\/clusterhabitat.pt\/wp-content\/litespeed\/avatar\/ba32b5ea3f9d75a03670176cf00cd944.jpg?ver=1777434486","contentUrl":"https:\/\/clusterhabitat.pt\/wp-content\/litespeed\/avatar\/ba32b5ea3f9d75a03670176cf00cd944.jpg?ver=1777434486","caption":"Marketing"},"url":"https:\/\/clusterhabitat.pt\/en\/author\/marketing\/"}]}},"_links":{"self":[{"href":"https:\/\/clusterhabitat.pt\/en\/wp-json\/wp\/v2\/posts\/6347","targetHints":{"allow":["GET"]}}],"collection":[{"href":"https:\/\/clusterhabitat.pt\/en\/wp-json\/wp\/v2\/posts"}],"about":[{"href":"https:\/\/clusterhabitat.pt\/en\/wp-json\/wp\/v2\/types\/post"}],"author":[{"embeddable":true,"href":"https:\/\/clusterhabitat.pt\/en\/wp-json\/wp\/v2\/users\/3"}],"replies":[{"embeddable":true,"href":"https:\/\/clusterhabitat.pt\/en\/wp-json\/wp\/v2\/comments?post=6347"}],"version-history":[{"count":5,"href":"https:\/\/clusterhabitat.pt\/en\/wp-json\/wp\/v2\/posts\/6347\/revisions"}],"predecessor-version":[{"id":6694,"href":"https:\/\/clusterhabitat.pt\/en\/wp-json\/wp\/v2\/posts\/6347\/revisions\/6694"}],"wp:featuredmedia":[{"embeddable":true,"href":"https:\/\/clusterhabitat.pt\/en\/wp-json\/wp\/v2\/media\/6344"}],"wp:attachment":[{"href":"https:\/\/clusterhabitat.pt\/en\/wp-json\/wp\/v2\/media?parent=6347"}],"wp:term":[{"taxonomy":"category","embeddable":true,"href":"https:\/\/clusterhabitat.pt\/en\/wp-json\/wp\/v2\/categories?post=6347"},{"taxonomy":"post_tag","embeddable":true,"href":"https:\/\/clusterhabitat.pt\/en\/wp-json\/wp\/v2\/tags?post=6347"}],"curies":[{"name":"wp","href":"https:\/\/api.w.org\/{rel}","templated":true}]}}