{"id":7232,"date":"2020-12-07T13:52:05","date_gmt":"2020-12-07T13:52:05","guid":{"rendered":"https:\/\/clusterhabitat.pt\/another-successful-edition-of-cluster-habitat-sustentavel-congress\/"},"modified":"2024-07-29T10:40:31","modified_gmt":"2024-07-29T10:40:31","slug":"another-successful-edition-of-cluster-habitat-sustentavel-congress","status":"publish","type":"post","link":"https:\/\/clusterhabitat.pt\/en\/another-successful-edition-of-cluster-habitat-sustentavel-congress\/","title":{"rendered":"Another successful edition of Cluster Habitat Sustent\u00e1vel Congress!"},"content":{"rendered":"<p>[vc_row][vc_column][vc_column_text]The motto of the Congress this year was the \u201c<strong><em>Solutions to the Sustainability Challenges<\/em><\/strong>\u201d that members of the Cluster and some guests had the opportunity to show.<\/p>\n<p>&nbsp;<\/p>\n<p>There were 3 remarkable days characterized by communications and debates in 6 panels, where challenges and solutions were discussed in themes related to the Habitat value chain, such as <strong>Circular Economy<\/strong>, <strong>Sustainable Urban Renovation<\/strong>, <strong>Advanced Materials and Systems in Construction<\/strong>, <strong>Resource Efficiency <\/strong>and <strong>Decarbonization<\/strong>, <strong>Digital Transformation<\/strong> and <strong>Solutions for Economic Recovery<\/strong>.<\/p>\n<p>&nbsp;<\/p>\n<p>We would like to express our deep thanks to all the people and their respective entities that participated as speakers and moderators in our Congress and also to all those who registered and attended the various panels of this edition. We hope to meet everyone soon in the future initiatives of Cluster Habitat Sustent\u00e1vel!<\/p>\n<p>&nbsp;<\/p>\n<p class=\"rtecenter\"><strong>Summary of the 2020 Cluster Habitat Sustent\u00e1vel Congress Panels<\/strong> <span lang=\"pt\">(You can click on the images to view them in more detail).<\/span><\/p>\n<p>&nbsp;<\/p>\n<p><strong>Know more <\/strong><u><a href=\"https:\/\/mailchi.mp\/fe4eee67b61f\/59zqr52u8q-4092977\" target=\"_blank\" rel=\"noopener\"><strong>HERE<\/strong><\/a><\/u>.<\/p>\n<p>&nbsp;<\/p>\n<p>&nbsp;<\/p>\n<p>[\/vc_column_text][vc_media_grid element_width=&#8221;6&#8243; gap=&#8221;15&#8243; grid_id=&#8221;vc_gid:1722249610719-4b2e2b92-8554-1&#8243; include=&#8221;7217,7219,7221,7223,7225,7227&#8243;][\/vc_column][\/vc_row]<\/p>\n","protected":false},"excerpt":{"rendered":"<p>Cluster Habitat Sustent\u00e1vel held the 7th edition of its Congress from the 2nd to the 4th of December 2020, this year in virtual format (videoconference) and with a total of 476 registrants.<\/p>\n","protected":false},"author":4,"featured_media":7230,"comment_status":"closed","ping_status":"closed","sticky":false,"template":"","format":"standard","meta":{"_monsterinsights_skip_tracking":false,"_monsterinsights_sitenote_active":false,"_monsterinsights_sitenote_note":"","_monsterinsights_sitenote_category":0,"footnotes":""},"categories":[63],"tags":[],"class_list":["post-7232","post","type-post","status-publish","format-standard","has-post-thumbnail","hentry","category-noticias"],"yoast_head":"<!-- This site is optimized with the Yoast SEO plugin v27.5 - https:\/\/yoast.com\/product\/yoast-seo-wordpress\/ -->\n<title>Another successful edition of Cluster Habitat Sustent\u00e1vel Congress! - Cluster Habitat Sustent\u00e1vel<\/title>\n<meta name=\"description\" content=\"Another successful edition of Cluster Habitat Sustent\u00e1vel Congress!\" \/>\n<meta name=\"robots\" content=\"index, follow, max-snippet:-1, max-image-preview:large, max-video-preview:-1\" \/>\n<link rel=\"canonical\" href=\"https:\/\/clusterhabitat.pt\/en\/another-successful-edition-of-cluster-habitat-sustentavel-congress\/\" \/>\n<meta property=\"og:locale\" content=\"en_US\" \/>\n<meta property=\"og:type\" content=\"article\" \/>\n<meta property=\"og:title\" content=\"Another successful edition of Cluster Habitat Sustent\u00e1vel Congress! - Cluster Habitat Sustent\u00e1vel\" \/>\n<meta property=\"og:description\" content=\"Another successful edition of Cluster Habitat Sustent\u00e1vel Congress!\" \/>\n<meta property=\"og:url\" content=\"https:\/\/clusterhabitat.pt\/en\/another-successful-edition-of-cluster-habitat-sustentavel-congress\/\" \/>\n<meta property=\"og:site_name\" content=\"Cluster Habitat Sustent\u00e1vel\" \/>\n<meta property=\"article:publisher\" content=\"https:\/\/www.facebook.com\/clusterhabitat\" \/>\n<meta property=\"article:published_time\" content=\"2020-12-07T13:52:05+00:00\" \/>\n<meta property=\"article:modified_time\" content=\"2024-07-29T10:40:31+00:00\" \/>\n<meta property=\"og:image\" content=\"https:\/\/clusterhabitat.pt\/wp-content\/uploads\/2020\/12\/CongressoCHS20_final_v2-01-1024x648.png\" \/>\n\t<meta property=\"og:image:width\" content=\"1024\" \/>\n\t<meta property=\"og:image:height\" content=\"648\" \/>\n\t<meta property=\"og:image:type\" content=\"image\/png\" \/>\n<meta name=\"author\" content=\"Dep. T\u00e9cnico\" \/>\n<meta name=\"twitter:card\" content=\"summary_large_image\" \/>\n<meta name=\"twitter:creator\" content=\"@ClusterHabitat\" \/>\n<meta name=\"twitter:site\" content=\"@ClusterHabitat\" \/>\n<meta name=\"twitter:label1\" content=\"Written by\" \/>\n\t<meta name=\"twitter:data1\" content=\"Dep. T\u00e9cnico\" \/>\n\t<meta name=\"twitter:label2\" content=\"Est. reading time\" \/>\n\t<meta name=\"twitter:data2\" content=\"2 minutes\" \/>\n<script type=\"application\/ld+json\" class=\"yoast-schema-graph\">{\"@context\":\"https:\\\/\\\/schema.org\",\"@graph\":[{\"@type\":\"Article\",\"@id\":\"https:\\\/\\\/clusterhabitat.pt\\\/en\\\/another-successful-edition-of-cluster-habitat-sustentavel-congress\\\/#article\",\"isPartOf\":{\"@id\":\"https:\\\/\\\/clusterhabitat.pt\\\/en\\\/another-successful-edition-of-cluster-habitat-sustentavel-congress\\\/\"},\"author\":{\"name\":\"Dep. T\u00e9cnico\",\"@id\":\"https:\\\/\\\/clusterhabitat.pt\\\/#\\\/schema\\\/person\\\/cbf1c9d1fa2a0532efb35af2fa1796cd\"},\"headline\":\"Another successful edition of Cluster Habitat Sustent\u00e1vel Congress!\",\"datePublished\":\"2020-12-07T13:52:05+00:00\",\"dateModified\":\"2024-07-29T10:40:31+00:00\",\"mainEntityOfPage\":{\"@id\":\"https:\\\/\\\/clusterhabitat.pt\\\/en\\\/another-successful-edition-of-cluster-habitat-sustentavel-congress\\\/\"},\"wordCount\":201,\"publisher\":{\"@id\":\"https:\\\/\\\/clusterhabitat.pt\\\/#organization\"},\"image\":{\"@id\":\"https:\\\/\\\/clusterhabitat.pt\\\/en\\\/another-successful-edition-of-cluster-habitat-sustentavel-congress\\\/#primaryimage\"},\"thumbnailUrl\":\"https:\\\/\\\/clusterhabitat.pt\\\/wp-content\\\/uploads\\\/2020\\\/12\\\/CongressoCHS20_final_v2-01.png\",\"articleSection\":[\"News\"],\"inLanguage\":\"en-US\"},{\"@type\":\"WebPage\",\"@id\":\"https:\\\/\\\/clusterhabitat.pt\\\/en\\\/another-successful-edition-of-cluster-habitat-sustentavel-congress\\\/\",\"url\":\"https:\\\/\\\/clusterhabitat.pt\\\/en\\\/another-successful-edition-of-cluster-habitat-sustentavel-congress\\\/\",\"name\":\"Another successful edition of Cluster Habitat Sustent\u00e1vel Congress! - Cluster Habitat Sustent\u00e1vel\",\"isPartOf\":{\"@id\":\"https:\\\/\\\/clusterhabitat.pt\\\/#website\"},\"primaryImageOfPage\":{\"@id\":\"https:\\\/\\\/clusterhabitat.pt\\\/en\\\/another-successful-edition-of-cluster-habitat-sustentavel-congress\\\/#primaryimage\"},\"image\":{\"@id\":\"https:\\\/\\\/clusterhabitat.pt\\\/en\\\/another-successful-edition-of-cluster-habitat-sustentavel-congress\\\/#primaryimage\"},\"thumbnailUrl\":\"https:\\\/\\\/clusterhabitat.pt\\\/wp-content\\\/uploads\\\/2020\\\/12\\\/CongressoCHS20_final_v2-01.png\",\"datePublished\":\"2020-12-07T13:52:05+00:00\",\"dateModified\":\"2024-07-29T10:40:31+00:00\",\"description\":\"Another successful edition of Cluster Habitat Sustent\u00e1vel Congress!\",\"breadcrumb\":{\"@id\":\"https:\\\/\\\/clusterhabitat.pt\\\/en\\\/another-successful-edition-of-cluster-habitat-sustentavel-congress\\\/#breadcrumb\"},\"inLanguage\":\"en-US\",\"potentialAction\":[{\"@type\":\"ReadAction\",\"target\":[\"https:\\\/\\\/clusterhabitat.pt\\\/en\\\/another-successful-edition-of-cluster-habitat-sustentavel-congress\\\/\"]}]},{\"@type\":\"ImageObject\",\"inLanguage\":\"en-US\",\"@id\":\"https:\\\/\\\/clusterhabitat.pt\\\/en\\\/another-successful-edition-of-cluster-habitat-sustentavel-congress\\\/#primaryimage\",\"url\":\"https:\\\/\\\/clusterhabitat.pt\\\/wp-content\\\/uploads\\\/2020\\\/12\\\/CongressoCHS20_final_v2-01.png\",\"contentUrl\":\"https:\\\/\\\/clusterhabitat.pt\\\/wp-content\\\/uploads\\\/2020\\\/12\\\/CongressoCHS20_final_v2-01.png\",\"width\":2500,\"height\":1583},{\"@type\":\"BreadcrumbList\",\"@id\":\"https:\\\/\\\/clusterhabitat.pt\\\/en\\\/another-successful-edition-of-cluster-habitat-sustentavel-congress\\\/#breadcrumb\",\"itemListElement\":[{\"@type\":\"ListItem\",\"position\":1,\"name\":\"In\u00edcio\",\"item\":\"https:\\\/\\\/clusterhabitat.pt\\\/en\\\/\"},{\"@type\":\"ListItem\",\"position\":2,\"name\":\"Another successful edition of Cluster Habitat Sustent\u00e1vel Congress!\"}]},{\"@type\":\"WebSite\",\"@id\":\"https:\\\/\\\/clusterhabitat.pt\\\/#website\",\"url\":\"https:\\\/\\\/clusterhabitat.pt\\\/\",\"name\":\"Cluster Habitat Sustent\u00e1vel\",\"description\":\"\",\"publisher\":{\"@id\":\"https:\\\/\\\/clusterhabitat.pt\\\/#organization\"},\"potentialAction\":[{\"@type\":\"SearchAction\",\"target\":{\"@type\":\"EntryPoint\",\"urlTemplate\":\"https:\\\/\\\/clusterhabitat.pt\\\/?s={search_term_string}\"},\"query-input\":{\"@type\":\"PropertyValueSpecification\",\"valueRequired\":true,\"valueName\":\"search_term_string\"}}],\"inLanguage\":\"en-US\"},{\"@type\":\"Organization\",\"@id\":\"https:\\\/\\\/clusterhabitat.pt\\\/#organization\",\"name\":\"Cluster Habitat Sustent\u00e1vel\",\"url\":\"https:\\\/\\\/clusterhabitat.pt\\\/\",\"logo\":{\"@type\":\"ImageObject\",\"inLanguage\":\"en-US\",\"@id\":\"https:\\\/\\\/clusterhabitat.pt\\\/#\\\/schema\\\/logo\\\/image\\\/\",\"url\":\"https:\\\/\\\/clusterhabitat.pt\\\/wp-content\\\/uploads\\\/2024\\\/01\\\/cropped-Cluster-Logo.png\",\"contentUrl\":\"https:\\\/\\\/clusterhabitat.pt\\\/wp-content\\\/uploads\\\/2024\\\/01\\\/cropped-Cluster-Logo.png\",\"width\":203,\"height\":40,\"caption\":\"Cluster Habitat Sustent\u00e1vel\"},\"image\":{\"@id\":\"https:\\\/\\\/clusterhabitat.pt\\\/#\\\/schema\\\/logo\\\/image\\\/\"},\"sameAs\":[\"https:\\\/\\\/www.facebook.com\\\/clusterhabitat\",\"https:\\\/\\\/x.com\\\/ClusterHabitat\",\"https:\\\/\\\/www.linkedin.com\\\/company\\\/associao-plataforma-para-a-construo-sustentvel\\\/\"]},{\"@type\":\"Person\",\"@id\":\"https:\\\/\\\/clusterhabitat.pt\\\/#\\\/schema\\\/person\\\/cbf1c9d1fa2a0532efb35af2fa1796cd\",\"name\":\"Dep. T\u00e9cnico\",\"image\":{\"@type\":\"ImageObject\",\"inLanguage\":\"en-US\",\"@id\":\"https:\\\/\\\/clusterhabitat.pt\\\/wp-content\\\/litespeed\\\/avatar\\\/c919d1d4cd45951b510dc414a77e01c1.jpg?ver=1777433525\",\"url\":\"https:\\\/\\\/clusterhabitat.pt\\\/wp-content\\\/litespeed\\\/avatar\\\/c919d1d4cd45951b510dc414a77e01c1.jpg?ver=1777433525\",\"contentUrl\":\"https:\\\/\\\/clusterhabitat.pt\\\/wp-content\\\/litespeed\\\/avatar\\\/c919d1d4cd45951b510dc414a77e01c1.jpg?ver=1777433525\",\"caption\":\"Dep. T\u00e9cnico\"},\"url\":\"https:\\\/\\\/clusterhabitat.pt\\\/en\\\/author\\\/deptecnico\\\/\"}]}<\/script>\n<!-- \/ Yoast SEO plugin. -->","yoast_head_json":{"title":"Another successful edition of Cluster Habitat Sustent\u00e1vel Congress! - Cluster Habitat Sustent\u00e1vel","description":"Another successful edition of Cluster Habitat Sustent\u00e1vel Congress!","robots":{"index":"index","follow":"follow","max-snippet":"max-snippet:-1","max-image-preview":"max-image-preview:large","max-video-preview":"max-video-preview:-1"},"canonical":"https:\/\/clusterhabitat.pt\/en\/another-successful-edition-of-cluster-habitat-sustentavel-congress\/","og_locale":"en_US","og_type":"article","og_title":"Another successful edition of Cluster Habitat Sustent\u00e1vel Congress! - Cluster Habitat Sustent\u00e1vel","og_description":"Another successful edition of Cluster Habitat Sustent\u00e1vel Congress!","og_url":"https:\/\/clusterhabitat.pt\/en\/another-successful-edition-of-cluster-habitat-sustentavel-congress\/","og_site_name":"Cluster Habitat Sustent\u00e1vel","article_publisher":"https:\/\/www.facebook.com\/clusterhabitat","article_published_time":"2020-12-07T13:52:05+00:00","article_modified_time":"2024-07-29T10:40:31+00:00","og_image":[{"width":1024,"height":648,"url":"https:\/\/clusterhabitat.pt\/wp-content\/uploads\/2020\/12\/CongressoCHS20_final_v2-01-1024x648.png","type":"image\/png"}],"author":"Dep. T\u00e9cnico","twitter_card":"summary_large_image","twitter_creator":"@ClusterHabitat","twitter_site":"@ClusterHabitat","twitter_misc":{"Written by":"Dep. T\u00e9cnico","Est. reading time":"2 minutes"},"schema":{"@context":"https:\/\/schema.org","@graph":[{"@type":"Article","@id":"https:\/\/clusterhabitat.pt\/en\/another-successful-edition-of-cluster-habitat-sustentavel-congress\/#article","isPartOf":{"@id":"https:\/\/clusterhabitat.pt\/en\/another-successful-edition-of-cluster-habitat-sustentavel-congress\/"},"author":{"name":"Dep. T\u00e9cnico","@id":"https:\/\/clusterhabitat.pt\/#\/schema\/person\/cbf1c9d1fa2a0532efb35af2fa1796cd"},"headline":"Another successful edition of Cluster Habitat Sustent\u00e1vel Congress!","datePublished":"2020-12-07T13:52:05+00:00","dateModified":"2024-07-29T10:40:31+00:00","mainEntityOfPage":{"@id":"https:\/\/clusterhabitat.pt\/en\/another-successful-edition-of-cluster-habitat-sustentavel-congress\/"},"wordCount":201,"publisher":{"@id":"https:\/\/clusterhabitat.pt\/#organization"},"image":{"@id":"https:\/\/clusterhabitat.pt\/en\/another-successful-edition-of-cluster-habitat-sustentavel-congress\/#primaryimage"},"thumbnailUrl":"https:\/\/clusterhabitat.pt\/wp-content\/uploads\/2020\/12\/CongressoCHS20_final_v2-01.png","articleSection":["News"],"inLanguage":"en-US"},{"@type":"WebPage","@id":"https:\/\/clusterhabitat.pt\/en\/another-successful-edition-of-cluster-habitat-sustentavel-congress\/","url":"https:\/\/clusterhabitat.pt\/en\/another-successful-edition-of-cluster-habitat-sustentavel-congress\/","name":"Another successful edition of Cluster Habitat Sustent\u00e1vel Congress! - Cluster Habitat Sustent\u00e1vel","isPartOf":{"@id":"https:\/\/clusterhabitat.pt\/#website"},"primaryImageOfPage":{"@id":"https:\/\/clusterhabitat.pt\/en\/another-successful-edition-of-cluster-habitat-sustentavel-congress\/#primaryimage"},"image":{"@id":"https:\/\/clusterhabitat.pt\/en\/another-successful-edition-of-cluster-habitat-sustentavel-congress\/#primaryimage"},"thumbnailUrl":"https:\/\/clusterhabitat.pt\/wp-content\/uploads\/2020\/12\/CongressoCHS20_final_v2-01.png","datePublished":"2020-12-07T13:52:05+00:00","dateModified":"2024-07-29T10:40:31+00:00","description":"Another successful edition of Cluster Habitat Sustent\u00e1vel Congress!","breadcrumb":{"@id":"https:\/\/clusterhabitat.pt\/en\/another-successful-edition-of-cluster-habitat-sustentavel-congress\/#breadcrumb"},"inLanguage":"en-US","potentialAction":[{"@type":"ReadAction","target":["https:\/\/clusterhabitat.pt\/en\/another-successful-edition-of-cluster-habitat-sustentavel-congress\/"]}]},{"@type":"ImageObject","inLanguage":"en-US","@id":"https:\/\/clusterhabitat.pt\/en\/another-successful-edition-of-cluster-habitat-sustentavel-congress\/#primaryimage","url":"https:\/\/clusterhabitat.pt\/wp-content\/uploads\/2020\/12\/CongressoCHS20_final_v2-01.png","contentUrl":"https:\/\/clusterhabitat.pt\/wp-content\/uploads\/2020\/12\/CongressoCHS20_final_v2-01.png","width":2500,"height":1583},{"@type":"BreadcrumbList","@id":"https:\/\/clusterhabitat.pt\/en\/another-successful-edition-of-cluster-habitat-sustentavel-congress\/#breadcrumb","itemListElement":[{"@type":"ListItem","position":1,"name":"In\u00edcio","item":"https:\/\/clusterhabitat.pt\/en\/"},{"@type":"ListItem","position":2,"name":"Another successful edition of Cluster Habitat Sustent\u00e1vel Congress!"}]},{"@type":"WebSite","@id":"https:\/\/clusterhabitat.pt\/#website","url":"https:\/\/clusterhabitat.pt\/","name":"Cluster Habitat Sustent\u00e1vel","description":"","publisher":{"@id":"https:\/\/clusterhabitat.pt\/#organization"},"potentialAction":[{"@type":"SearchAction","target":{"@type":"EntryPoint","urlTemplate":"https:\/\/clusterhabitat.pt\/?s={search_term_string}"},"query-input":{"@type":"PropertyValueSpecification","valueRequired":true,"valueName":"search_term_string"}}],"inLanguage":"en-US"},{"@type":"Organization","@id":"https:\/\/clusterhabitat.pt\/#organization","name":"Cluster Habitat Sustent\u00e1vel","url":"https:\/\/clusterhabitat.pt\/","logo":{"@type":"ImageObject","inLanguage":"en-US","@id":"https:\/\/clusterhabitat.pt\/#\/schema\/logo\/image\/","url":"https:\/\/clusterhabitat.pt\/wp-content\/uploads\/2024\/01\/cropped-Cluster-Logo.png","contentUrl":"https:\/\/clusterhabitat.pt\/wp-content\/uploads\/2024\/01\/cropped-Cluster-Logo.png","width":203,"height":40,"caption":"Cluster Habitat Sustent\u00e1vel"},"image":{"@id":"https:\/\/clusterhabitat.pt\/#\/schema\/logo\/image\/"},"sameAs":["https:\/\/www.facebook.com\/clusterhabitat","https:\/\/x.com\/ClusterHabitat","https:\/\/www.linkedin.com\/company\/associao-plataforma-para-a-construo-sustentvel\/"]},{"@type":"Person","@id":"https:\/\/clusterhabitat.pt\/#\/schema\/person\/cbf1c9d1fa2a0532efb35af2fa1796cd","name":"Dep. T\u00e9cnico","image":{"@type":"ImageObject","inLanguage":"en-US","@id":"https:\/\/clusterhabitat.pt\/wp-content\/litespeed\/avatar\/c919d1d4cd45951b510dc414a77e01c1.jpg?ver=1777433525","url":"https:\/\/clusterhabitat.pt\/wp-content\/litespeed\/avatar\/c919d1d4cd45951b510dc414a77e01c1.jpg?ver=1777433525","contentUrl":"https:\/\/clusterhabitat.pt\/wp-content\/litespeed\/avatar\/c919d1d4cd45951b510dc414a77e01c1.jpg?ver=1777433525","caption":"Dep. T\u00e9cnico"},"url":"https:\/\/clusterhabitat.pt\/en\/author\/deptecnico\/"}]}},"_links":{"self":[{"href":"https:\/\/clusterhabitat.pt\/en\/wp-json\/wp\/v2\/posts\/7232","targetHints":{"allow":["GET"]}}],"collection":[{"href":"https:\/\/clusterhabitat.pt\/en\/wp-json\/wp\/v2\/posts"}],"about":[{"href":"https:\/\/clusterhabitat.pt\/en\/wp-json\/wp\/v2\/types\/post"}],"author":[{"embeddable":true,"href":"https:\/\/clusterhabitat.pt\/en\/wp-json\/wp\/v2\/users\/4"}],"replies":[{"embeddable":true,"href":"https:\/\/clusterhabitat.pt\/en\/wp-json\/wp\/v2\/comments?post=7232"}],"version-history":[{"count":3,"href":"https:\/\/clusterhabitat.pt\/en\/wp-json\/wp\/v2\/posts\/7232\/revisions"}],"predecessor-version":[{"id":8299,"href":"https:\/\/clusterhabitat.pt\/en\/wp-json\/wp\/v2\/posts\/7232\/revisions\/8299"}],"wp:featuredmedia":[{"embeddable":true,"href":"https:\/\/clusterhabitat.pt\/en\/wp-json\/wp\/v2\/media\/7230"}],"wp:attachment":[{"href":"https:\/\/clusterhabitat.pt\/en\/wp-json\/wp\/v2\/media?parent=7232"}],"wp:term":[{"taxonomy":"category","embeddable":true,"href":"https:\/\/clusterhabitat.pt\/en\/wp-json\/wp\/v2\/categories?post=7232"},{"taxonomy":"post_tag","embeddable":true,"href":"https:\/\/clusterhabitat.pt\/en\/wp-json\/wp\/v2\/tags?post=7232"}],"curies":[{"name":"wp","href":"https:\/\/api.w.org\/{rel}","templated":true}]}}