{"id":7522,"date":"2020-12-02T14:46:31","date_gmt":"2020-12-02T14:46:31","guid":{"rendered":"https:\/\/clusterhabitat.pt\/?p=7522"},"modified":"2024-07-25T15:58:52","modified_gmt":"2024-07-25T15:58:52","slug":"dec-2-4-cluster-habitat-sustentavel-congress-2020","status":"publish","type":"post","link":"https:\/\/clusterhabitat.pt\/en\/dec-2-4-cluster-habitat-sustentavel-congress-2020\/","title":{"rendered":"Dec 2-4 | Cluster Habitat Sustent\u00e1vel Congress 2020"},"content":{"rendered":"<p>[vc_row][vc_column][vc_column_text]<\/p>\n<p class=\"font8\">Cluster Habitat Sustent\u00e1vel holds the <strong>7th edition<\/strong>\u00a0of its Congress from\u00a0<strong>December 2nd to 4th, 2020<\/strong>, this year in virtual format (videoconference), due to the exceptional situation of the pandemic in which we live. The motto of the Congress this year is the \u201c<strong>Solutions for the Sustainability Challenges<\/strong>\u201d that the entities in the Habitat value chain have to offer.<\/p>\n<p>&nbsp;<\/p>\n<p class=\"font8\">The concept of our 2020 congress is to show and discuss solutions that Cluster members have today or that they hope to have soon to respond to the challenges that the market and society today pose. What will change in business and market positioning with the implementation of sustainability challenges, present in European and national policies, which encompasses the challenges of circular economy and decarbonization, digital transformation and efficiency in the use of natural resources? Want to know? Come listen and debate at Cluster Habitat Sustent\u00e1vel congress.<\/p>\n<p>&nbsp;<\/p>\n<p class=\"font8\">We will have panels with debates dedicated to showing and discussing ideas, products or solutions related to\u00a0<strong>Circular Economy<\/strong>,\u00a0<strong>Resource Efficiency and Decarbonization<\/strong>,\u00a0<strong>Digital Transformation<\/strong>,\u00a0<strong>Sustainable Urban Renovation<\/strong>,\u00a0<strong>Advanced Materials and Systems<\/strong>\u00a0and\u00a0<strong>Solutions for Economic Recovery<\/strong>. We are committed to fostering discussion with the speakers, and there will also be a space for interaction and collecting the opinions of the participants (online surveys).<\/p>\n<p>&nbsp;<\/p>\n<p class=\"font8\">The Cluster Habitat Sustent\u00e1vel invites you to register and actively participate in this congress.<\/p>\n<p class=\"font8\"><strong>-&gt;<\/strong>\u00a0<strong>Register\u00a0<a href=\"http:\/\/forms.gle\/atic4dPMaej7pgzx5\" target=\"_blank\" rel=\"noopener\">HERE<\/a><\/strong><strong>.<\/strong><\/p>\n<p class=\"font8\"><strong>-&gt;<\/strong>\u00a0Free but mandatory registration between November 16 and December 2.<\/p>\n<p class=\"font8\"><strong>-&gt;<\/strong>\u00a0You can sign up for one or more panels, according to your interest.<\/p>\n<p>&nbsp;<\/p>\n<p class=\"font8\">The website of Cluster Habitat Sustent\u00e1ve Congress is also online. <strong>Visit us!<\/strong><\/p>\n<p class=\"font8\"><strong><a href=\"https:\/\/centrohabitat.wixsite.com\/congressochs2020\" target=\"_blank\" rel=\"noopener\">https:\/\/centrohabitat.wixsite.com\/congressochs2020<\/a>\u00a0<\/strong><\/p>\n<p class=\"font8\">(Website optimized for computer viewing)<\/p>\n<p>&nbsp;<\/p>\n<p>&nbsp;<\/p>\n<p>[\/vc_column_text][vc_single_image image=&#8221;7230&#8243; img_size=&#8221;large&#8221; alignment=&#8221;center&#8221;][\/vc_column][\/vc_row]<\/p>\n","protected":false},"excerpt":{"rendered":"<p>December 2, 3 and 4 | Online event<\/p>\n","protected":false},"author":3,"featured_media":7230,"comment_status":"closed","ping_status":"closed","sticky":false,"template":"","format":"standard","meta":{"_monsterinsights_skip_tracking":false,"_monsterinsights_sitenote_active":false,"_monsterinsights_sitenote_note":"","_monsterinsights_sitenote_category":0,"footnotes":""},"categories":[64],"tags":[],"class_list":["post-7522","post","type-post","status-publish","format-standard","has-post-thumbnail","hentry","category-eventos"],"yoast_head":"<!-- This site is optimized with the Yoast SEO plugin v27.5 - https:\/\/yoast.com\/product\/yoast-seo-wordpress\/ -->\n<title>Dec 2-4 | Cluster Habitat Sustent\u00e1vel Congress 2020 - Cluster Habitat Sustent\u00e1vel<\/title>\n<meta name=\"description\" content=\"Dec 2-4 | Cluster Habitat Sustent\u00e1vel Congress 2020\" \/>\n<meta name=\"robots\" content=\"index, follow, max-snippet:-1, max-image-preview:large, max-video-preview:-1\" \/>\n<link rel=\"canonical\" href=\"https:\/\/clusterhabitat.pt\/en\/dec-2-4-cluster-habitat-sustentavel-congress-2020\/\" \/>\n<meta property=\"og:locale\" content=\"en_US\" \/>\n<meta property=\"og:type\" content=\"article\" \/>\n<meta property=\"og:title\" content=\"Dec 2-4 | Cluster Habitat Sustent\u00e1vel Congress 2020 - Cluster Habitat Sustent\u00e1vel\" \/>\n<meta property=\"og:description\" content=\"Dec 2-4 | Cluster Habitat Sustent\u00e1vel Congress 2020\" \/>\n<meta property=\"og:url\" content=\"https:\/\/clusterhabitat.pt\/en\/dec-2-4-cluster-habitat-sustentavel-congress-2020\/\" \/>\n<meta property=\"og:site_name\" content=\"Cluster Habitat Sustent\u00e1vel\" \/>\n<meta property=\"article:publisher\" content=\"https:\/\/www.facebook.com\/clusterhabitat\" \/>\n<meta property=\"article:published_time\" content=\"2020-12-02T14:46:31+00:00\" \/>\n<meta property=\"article:modified_time\" content=\"2024-07-25T15:58:52+00:00\" \/>\n<meta property=\"og:image\" content=\"https:\/\/clusterhabitat.pt\/wp-content\/uploads\/2020\/12\/CongressoCHS20_final_v2-01-1024x648.png\" \/>\n\t<meta property=\"og:image:width\" content=\"1024\" \/>\n\t<meta property=\"og:image:height\" content=\"648\" \/>\n\t<meta property=\"og:image:type\" content=\"image\/png\" \/>\n<meta name=\"author\" content=\"Marketing\" \/>\n<meta name=\"twitter:card\" content=\"summary_large_image\" \/>\n<meta name=\"twitter:creator\" content=\"@ClusterHabitat\" \/>\n<meta name=\"twitter:site\" content=\"@ClusterHabitat\" \/>\n<meta name=\"twitter:label1\" content=\"Written by\" \/>\n\t<meta name=\"twitter:data1\" content=\"Marketing\" \/>\n\t<meta name=\"twitter:label2\" content=\"Est. reading time\" \/>\n\t<meta name=\"twitter:data2\" content=\"2 minutes\" \/>\n<script type=\"application\/ld+json\" class=\"yoast-schema-graph\">{\"@context\":\"https:\\\/\\\/schema.org\",\"@graph\":[{\"@type\":\"Article\",\"@id\":\"https:\\\/\\\/clusterhabitat.pt\\\/en\\\/dec-2-4-cluster-habitat-sustentavel-congress-2020\\\/#article\",\"isPartOf\":{\"@id\":\"https:\\\/\\\/clusterhabitat.pt\\\/en\\\/dec-2-4-cluster-habitat-sustentavel-congress-2020\\\/\"},\"author\":{\"name\":\"Marketing\",\"@id\":\"https:\\\/\\\/clusterhabitat.pt\\\/#\\\/schema\\\/person\\\/5e5eae6b6d2feef1be163561675d9316\"},\"headline\":\"Dec 2-4 | Cluster Habitat Sustent\u00e1vel Congress 2020\",\"datePublished\":\"2020-12-02T14:46:31+00:00\",\"dateModified\":\"2024-07-25T15:58:52+00:00\",\"mainEntityOfPage\":{\"@id\":\"https:\\\/\\\/clusterhabitat.pt\\\/en\\\/dec-2-4-cluster-habitat-sustentavel-congress-2020\\\/\"},\"wordCount\":313,\"publisher\":{\"@id\":\"https:\\\/\\\/clusterhabitat.pt\\\/#organization\"},\"image\":{\"@id\":\"https:\\\/\\\/clusterhabitat.pt\\\/en\\\/dec-2-4-cluster-habitat-sustentavel-congress-2020\\\/#primaryimage\"},\"thumbnailUrl\":\"https:\\\/\\\/clusterhabitat.pt\\\/wp-content\\\/uploads\\\/2020\\\/12\\\/CongressoCHS20_final_v2-01.png\",\"articleSection\":[\"Events\"],\"inLanguage\":\"en-US\"},{\"@type\":\"WebPage\",\"@id\":\"https:\\\/\\\/clusterhabitat.pt\\\/en\\\/dec-2-4-cluster-habitat-sustentavel-congress-2020\\\/\",\"url\":\"https:\\\/\\\/clusterhabitat.pt\\\/en\\\/dec-2-4-cluster-habitat-sustentavel-congress-2020\\\/\",\"name\":\"Dec 2-4 | Cluster Habitat Sustent\u00e1vel Congress 2020 - Cluster Habitat Sustent\u00e1vel\",\"isPartOf\":{\"@id\":\"https:\\\/\\\/clusterhabitat.pt\\\/#website\"},\"primaryImageOfPage\":{\"@id\":\"https:\\\/\\\/clusterhabitat.pt\\\/en\\\/dec-2-4-cluster-habitat-sustentavel-congress-2020\\\/#primaryimage\"},\"image\":{\"@id\":\"https:\\\/\\\/clusterhabitat.pt\\\/en\\\/dec-2-4-cluster-habitat-sustentavel-congress-2020\\\/#primaryimage\"},\"thumbnailUrl\":\"https:\\\/\\\/clusterhabitat.pt\\\/wp-content\\\/uploads\\\/2020\\\/12\\\/CongressoCHS20_final_v2-01.png\",\"datePublished\":\"2020-12-02T14:46:31+00:00\",\"dateModified\":\"2024-07-25T15:58:52+00:00\",\"description\":\"Dec 2-4 | Cluster Habitat Sustent\u00e1vel Congress 2020\",\"breadcrumb\":{\"@id\":\"https:\\\/\\\/clusterhabitat.pt\\\/en\\\/dec-2-4-cluster-habitat-sustentavel-congress-2020\\\/#breadcrumb\"},\"inLanguage\":\"en-US\",\"potentialAction\":[{\"@type\":\"ReadAction\",\"target\":[\"https:\\\/\\\/clusterhabitat.pt\\\/en\\\/dec-2-4-cluster-habitat-sustentavel-congress-2020\\\/\"]}]},{\"@type\":\"ImageObject\",\"inLanguage\":\"en-US\",\"@id\":\"https:\\\/\\\/clusterhabitat.pt\\\/en\\\/dec-2-4-cluster-habitat-sustentavel-congress-2020\\\/#primaryimage\",\"url\":\"https:\\\/\\\/clusterhabitat.pt\\\/wp-content\\\/uploads\\\/2020\\\/12\\\/CongressoCHS20_final_v2-01.png\",\"contentUrl\":\"https:\\\/\\\/clusterhabitat.pt\\\/wp-content\\\/uploads\\\/2020\\\/12\\\/CongressoCHS20_final_v2-01.png\",\"width\":2500,\"height\":1583},{\"@type\":\"BreadcrumbList\",\"@id\":\"https:\\\/\\\/clusterhabitat.pt\\\/en\\\/dec-2-4-cluster-habitat-sustentavel-congress-2020\\\/#breadcrumb\",\"itemListElement\":[{\"@type\":\"ListItem\",\"position\":1,\"name\":\"In\u00edcio\",\"item\":\"https:\\\/\\\/clusterhabitat.pt\\\/en\\\/\"},{\"@type\":\"ListItem\",\"position\":2,\"name\":\"Dec 2-4 | Cluster Habitat Sustent\u00e1vel Congress 2020\"}]},{\"@type\":\"WebSite\",\"@id\":\"https:\\\/\\\/clusterhabitat.pt\\\/#website\",\"url\":\"https:\\\/\\\/clusterhabitat.pt\\\/\",\"name\":\"Cluster Habitat Sustent\u00e1vel\",\"description\":\"\",\"publisher\":{\"@id\":\"https:\\\/\\\/clusterhabitat.pt\\\/#organization\"},\"potentialAction\":[{\"@type\":\"SearchAction\",\"target\":{\"@type\":\"EntryPoint\",\"urlTemplate\":\"https:\\\/\\\/clusterhabitat.pt\\\/?s={search_term_string}\"},\"query-input\":{\"@type\":\"PropertyValueSpecification\",\"valueRequired\":true,\"valueName\":\"search_term_string\"}}],\"inLanguage\":\"en-US\"},{\"@type\":\"Organization\",\"@id\":\"https:\\\/\\\/clusterhabitat.pt\\\/#organization\",\"name\":\"Cluster Habitat Sustent\u00e1vel\",\"url\":\"https:\\\/\\\/clusterhabitat.pt\\\/\",\"logo\":{\"@type\":\"ImageObject\",\"inLanguage\":\"en-US\",\"@id\":\"https:\\\/\\\/clusterhabitat.pt\\\/#\\\/schema\\\/logo\\\/image\\\/\",\"url\":\"https:\\\/\\\/clusterhabitat.pt\\\/wp-content\\\/uploads\\\/2024\\\/01\\\/cropped-Cluster-Logo.png\",\"contentUrl\":\"https:\\\/\\\/clusterhabitat.pt\\\/wp-content\\\/uploads\\\/2024\\\/01\\\/cropped-Cluster-Logo.png\",\"width\":203,\"height\":40,\"caption\":\"Cluster Habitat Sustent\u00e1vel\"},\"image\":{\"@id\":\"https:\\\/\\\/clusterhabitat.pt\\\/#\\\/schema\\\/logo\\\/image\\\/\"},\"sameAs\":[\"https:\\\/\\\/www.facebook.com\\\/clusterhabitat\",\"https:\\\/\\\/x.com\\\/ClusterHabitat\",\"https:\\\/\\\/www.linkedin.com\\\/company\\\/associao-plataforma-para-a-construo-sustentvel\\\/\"]},{\"@type\":\"Person\",\"@id\":\"https:\\\/\\\/clusterhabitat.pt\\\/#\\\/schema\\\/person\\\/5e5eae6b6d2feef1be163561675d9316\",\"name\":\"Marketing\",\"image\":{\"@type\":\"ImageObject\",\"inLanguage\":\"en-US\",\"@id\":\"https:\\\/\\\/clusterhabitat.pt\\\/wp-content\\\/litespeed\\\/avatar\\\/ba32b5ea3f9d75a03670176cf00cd944.jpg?ver=1777434486\",\"url\":\"https:\\\/\\\/clusterhabitat.pt\\\/wp-content\\\/litespeed\\\/avatar\\\/ba32b5ea3f9d75a03670176cf00cd944.jpg?ver=1777434486\",\"contentUrl\":\"https:\\\/\\\/clusterhabitat.pt\\\/wp-content\\\/litespeed\\\/avatar\\\/ba32b5ea3f9d75a03670176cf00cd944.jpg?ver=1777434486\",\"caption\":\"Marketing\"},\"url\":\"https:\\\/\\\/clusterhabitat.pt\\\/en\\\/author\\\/marketing\\\/\"}]}<\/script>\n<!-- \/ Yoast SEO plugin. -->","yoast_head_json":{"title":"Dec 2-4 | Cluster Habitat Sustent\u00e1vel Congress 2020 - Cluster Habitat Sustent\u00e1vel","description":"Dec 2-4 | Cluster Habitat Sustent\u00e1vel Congress 2020","robots":{"index":"index","follow":"follow","max-snippet":"max-snippet:-1","max-image-preview":"max-image-preview:large","max-video-preview":"max-video-preview:-1"},"canonical":"https:\/\/clusterhabitat.pt\/en\/dec-2-4-cluster-habitat-sustentavel-congress-2020\/","og_locale":"en_US","og_type":"article","og_title":"Dec 2-4 | Cluster Habitat Sustent\u00e1vel Congress 2020 - Cluster Habitat Sustent\u00e1vel","og_description":"Dec 2-4 | Cluster Habitat Sustent\u00e1vel Congress 2020","og_url":"https:\/\/clusterhabitat.pt\/en\/dec-2-4-cluster-habitat-sustentavel-congress-2020\/","og_site_name":"Cluster Habitat Sustent\u00e1vel","article_publisher":"https:\/\/www.facebook.com\/clusterhabitat","article_published_time":"2020-12-02T14:46:31+00:00","article_modified_time":"2024-07-25T15:58:52+00:00","og_image":[{"width":1024,"height":648,"url":"https:\/\/clusterhabitat.pt\/wp-content\/uploads\/2020\/12\/CongressoCHS20_final_v2-01-1024x648.png","type":"image\/png"}],"author":"Marketing","twitter_card":"summary_large_image","twitter_creator":"@ClusterHabitat","twitter_site":"@ClusterHabitat","twitter_misc":{"Written by":"Marketing","Est. reading time":"2 minutes"},"schema":{"@context":"https:\/\/schema.org","@graph":[{"@type":"Article","@id":"https:\/\/clusterhabitat.pt\/en\/dec-2-4-cluster-habitat-sustentavel-congress-2020\/#article","isPartOf":{"@id":"https:\/\/clusterhabitat.pt\/en\/dec-2-4-cluster-habitat-sustentavel-congress-2020\/"},"author":{"name":"Marketing","@id":"https:\/\/clusterhabitat.pt\/#\/schema\/person\/5e5eae6b6d2feef1be163561675d9316"},"headline":"Dec 2-4 | Cluster Habitat Sustent\u00e1vel Congress 2020","datePublished":"2020-12-02T14:46:31+00:00","dateModified":"2024-07-25T15:58:52+00:00","mainEntityOfPage":{"@id":"https:\/\/clusterhabitat.pt\/en\/dec-2-4-cluster-habitat-sustentavel-congress-2020\/"},"wordCount":313,"publisher":{"@id":"https:\/\/clusterhabitat.pt\/#organization"},"image":{"@id":"https:\/\/clusterhabitat.pt\/en\/dec-2-4-cluster-habitat-sustentavel-congress-2020\/#primaryimage"},"thumbnailUrl":"https:\/\/clusterhabitat.pt\/wp-content\/uploads\/2020\/12\/CongressoCHS20_final_v2-01.png","articleSection":["Events"],"inLanguage":"en-US"},{"@type":"WebPage","@id":"https:\/\/clusterhabitat.pt\/en\/dec-2-4-cluster-habitat-sustentavel-congress-2020\/","url":"https:\/\/clusterhabitat.pt\/en\/dec-2-4-cluster-habitat-sustentavel-congress-2020\/","name":"Dec 2-4 | Cluster Habitat Sustent\u00e1vel Congress 2020 - Cluster Habitat Sustent\u00e1vel","isPartOf":{"@id":"https:\/\/clusterhabitat.pt\/#website"},"primaryImageOfPage":{"@id":"https:\/\/clusterhabitat.pt\/en\/dec-2-4-cluster-habitat-sustentavel-congress-2020\/#primaryimage"},"image":{"@id":"https:\/\/clusterhabitat.pt\/en\/dec-2-4-cluster-habitat-sustentavel-congress-2020\/#primaryimage"},"thumbnailUrl":"https:\/\/clusterhabitat.pt\/wp-content\/uploads\/2020\/12\/CongressoCHS20_final_v2-01.png","datePublished":"2020-12-02T14:46:31+00:00","dateModified":"2024-07-25T15:58:52+00:00","description":"Dec 2-4 | Cluster Habitat Sustent\u00e1vel Congress 2020","breadcrumb":{"@id":"https:\/\/clusterhabitat.pt\/en\/dec-2-4-cluster-habitat-sustentavel-congress-2020\/#breadcrumb"},"inLanguage":"en-US","potentialAction":[{"@type":"ReadAction","target":["https:\/\/clusterhabitat.pt\/en\/dec-2-4-cluster-habitat-sustentavel-congress-2020\/"]}]},{"@type":"ImageObject","inLanguage":"en-US","@id":"https:\/\/clusterhabitat.pt\/en\/dec-2-4-cluster-habitat-sustentavel-congress-2020\/#primaryimage","url":"https:\/\/clusterhabitat.pt\/wp-content\/uploads\/2020\/12\/CongressoCHS20_final_v2-01.png","contentUrl":"https:\/\/clusterhabitat.pt\/wp-content\/uploads\/2020\/12\/CongressoCHS20_final_v2-01.png","width":2500,"height":1583},{"@type":"BreadcrumbList","@id":"https:\/\/clusterhabitat.pt\/en\/dec-2-4-cluster-habitat-sustentavel-congress-2020\/#breadcrumb","itemListElement":[{"@type":"ListItem","position":1,"name":"In\u00edcio","item":"https:\/\/clusterhabitat.pt\/en\/"},{"@type":"ListItem","position":2,"name":"Dec 2-4 | Cluster Habitat Sustent\u00e1vel Congress 2020"}]},{"@type":"WebSite","@id":"https:\/\/clusterhabitat.pt\/#website","url":"https:\/\/clusterhabitat.pt\/","name":"Cluster Habitat Sustent\u00e1vel","description":"","publisher":{"@id":"https:\/\/clusterhabitat.pt\/#organization"},"potentialAction":[{"@type":"SearchAction","target":{"@type":"EntryPoint","urlTemplate":"https:\/\/clusterhabitat.pt\/?s={search_term_string}"},"query-input":{"@type":"PropertyValueSpecification","valueRequired":true,"valueName":"search_term_string"}}],"inLanguage":"en-US"},{"@type":"Organization","@id":"https:\/\/clusterhabitat.pt\/#organization","name":"Cluster Habitat Sustent\u00e1vel","url":"https:\/\/clusterhabitat.pt\/","logo":{"@type":"ImageObject","inLanguage":"en-US","@id":"https:\/\/clusterhabitat.pt\/#\/schema\/logo\/image\/","url":"https:\/\/clusterhabitat.pt\/wp-content\/uploads\/2024\/01\/cropped-Cluster-Logo.png","contentUrl":"https:\/\/clusterhabitat.pt\/wp-content\/uploads\/2024\/01\/cropped-Cluster-Logo.png","width":203,"height":40,"caption":"Cluster Habitat Sustent\u00e1vel"},"image":{"@id":"https:\/\/clusterhabitat.pt\/#\/schema\/logo\/image\/"},"sameAs":["https:\/\/www.facebook.com\/clusterhabitat","https:\/\/x.com\/ClusterHabitat","https:\/\/www.linkedin.com\/company\/associao-plataforma-para-a-construo-sustentvel\/"]},{"@type":"Person","@id":"https:\/\/clusterhabitat.pt\/#\/schema\/person\/5e5eae6b6d2feef1be163561675d9316","name":"Marketing","image":{"@type":"ImageObject","inLanguage":"en-US","@id":"https:\/\/clusterhabitat.pt\/wp-content\/litespeed\/avatar\/ba32b5ea3f9d75a03670176cf00cd944.jpg?ver=1777434486","url":"https:\/\/clusterhabitat.pt\/wp-content\/litespeed\/avatar\/ba32b5ea3f9d75a03670176cf00cd944.jpg?ver=1777434486","contentUrl":"https:\/\/clusterhabitat.pt\/wp-content\/litespeed\/avatar\/ba32b5ea3f9d75a03670176cf00cd944.jpg?ver=1777434486","caption":"Marketing"},"url":"https:\/\/clusterhabitat.pt\/en\/author\/marketing\/"}]}},"_links":{"self":[{"href":"https:\/\/clusterhabitat.pt\/en\/wp-json\/wp\/v2\/posts\/7522","targetHints":{"allow":["GET"]}}],"collection":[{"href":"https:\/\/clusterhabitat.pt\/en\/wp-json\/wp\/v2\/posts"}],"about":[{"href":"https:\/\/clusterhabitat.pt\/en\/wp-json\/wp\/v2\/types\/post"}],"author":[{"embeddable":true,"href":"https:\/\/clusterhabitat.pt\/en\/wp-json\/wp\/v2\/users\/3"}],"replies":[{"embeddable":true,"href":"https:\/\/clusterhabitat.pt\/en\/wp-json\/wp\/v2\/comments?post=7522"}],"version-history":[{"count":1,"href":"https:\/\/clusterhabitat.pt\/en\/wp-json\/wp\/v2\/posts\/7522\/revisions"}],"predecessor-version":[{"id":7523,"href":"https:\/\/clusterhabitat.pt\/en\/wp-json\/wp\/v2\/posts\/7522\/revisions\/7523"}],"wp:featuredmedia":[{"embeddable":true,"href":"https:\/\/clusterhabitat.pt\/en\/wp-json\/wp\/v2\/media\/7230"}],"wp:attachment":[{"href":"https:\/\/clusterhabitat.pt\/en\/wp-json\/wp\/v2\/media?parent=7522"}],"wp:term":[{"taxonomy":"category","embeddable":true,"href":"https:\/\/clusterhabitat.pt\/en\/wp-json\/wp\/v2\/categories?post=7522"},{"taxonomy":"post_tag","embeddable":true,"href":"https:\/\/clusterhabitat.pt\/en\/wp-json\/wp\/v2\/tags?post=7522"}],"curies":[{"name":"wp","href":"https:\/\/api.w.org\/{rel}","templated":true}]}}