{"id":7651,"date":"2019-12-04T10:20:34","date_gmt":"2019-12-04T10:20:34","guid":{"rendered":"https:\/\/clusterhabitat.pt\/dec-4-transsmart-conference-ambiente-construido-inteligente\/"},"modified":"2025-09-12T16:44:42","modified_gmt":"2025-09-12T16:44:42","slug":"dec-4-transsmart-conference-ambiente-construido-inteligente","status":"publish","type":"post","link":"https:\/\/clusterhabitat.pt\/en\/dec-4-transsmart-conference-ambiente-construido-inteligente\/","title":{"rendered":"Dec 4 | TransSMART Conference | Ambiente Constru\u00eddo Inteligente"},"content":{"rendered":"<p>[vc_row][vc_column][vc_column_text]The &#8220;<strong>TransSMART Conference &#8211; Ambiente Constru\u00eddo Inteligente<\/strong>\u201d, organized by the <a href=\"https:\/\/centrohabitat.us3.list-manage.com\/track\/click?u=ce2ce0cf195c0a6219bab0ba0&amp;id=5fe9128cd0&amp;e=78d3f1a519\" target=\"_blank\" rel=\"noopener\">Instituto da Constru\u00e7\u00e3o<\/a>, aims to publicize and discuss the challenges of <strong>implementing Digital Twin at the Built Environment level<\/strong>.<\/p>\n<p>&nbsp;<\/p>\n<p>In order to better understand these challenges and their context, the event will feature a lecture given by Eng. Flavio Bono, leader of the European Commission of the SMARTBUILD project, JRC- Joint Research Center.<\/p>\n<p>&nbsp;<\/p>\n<p>The <strong>results of the TransSMART project<\/strong> and some of the actions developed in its context will also be presented.<\/p>\n<p>&nbsp;<\/p>\n<p><strong>The event aims to contribute to the clarification and positioning of the various actors in the construction sector to the challenges of the smart built environment.<\/strong><\/p>\n<p>&nbsp;<\/p>\n<p>Program <a href=\"https:\/\/centrohabitat.us3.list-manage.com\/track\/click?u=ce2ce0cf195c0a6219bab0ba0&amp;id=052e60910c&amp;e=78d3f1a519\" target=\"_blank\" rel=\"noopener\"><strong>HERE<\/strong><\/a>. <strong>Registrations (free)<\/strong> <a href=\"https:\/\/centrohabitat.us3.list-manage.com\/track\/click?u=ce2ce0cf195c0a6219bab0ba0&amp;id=3950c52dc2&amp;e=78d3f1a519\" target=\"_blank\" rel=\"noopener\"><strong>HERE<\/strong><\/a>.<\/p>\n<p>&nbsp;<\/p>\n<p>&nbsp;<\/p>\n<p>[\/vc_column_text][vc_single_image image=&#8221;7634&#8243; img_size=&#8221;large&#8221; alignment=&#8221;center&#8221;][\/vc_column][\/vc_row]<\/p>\n","protected":false},"excerpt":{"rendered":"<p>December 4, 2019 | 2pm | FEUP, Porto<\/p>\n","protected":false},"author":4,"featured_media":7637,"comment_status":"closed","ping_status":"closed","sticky":false,"template":"","format":"standard","meta":{"_monsterinsights_skip_tracking":false,"_monsterinsights_sitenote_active":false,"_monsterinsights_sitenote_note":"","_monsterinsights_sitenote_category":0,"footnotes":""},"categories":[64],"tags":[],"class_list":["post-7651","post","type-post","status-publish","format-standard","has-post-thumbnail","hentry","category-eventos"],"yoast_head":"<!-- This site is optimized with the Yoast SEO plugin v27.5 - https:\/\/yoast.com\/product\/yoast-seo-wordpress\/ -->\n<title>Dec 4 | TransSMART Conference | Ambiente Constru\u00eddo Inteligente - Cluster Habitat Sustent\u00e1vel<\/title>\n<meta name=\"description\" content=\"Dec 4 | TransSMART Conference | Ambiente Constru\u00eddo Inteligente\" \/>\n<meta name=\"robots\" content=\"index, follow, max-snippet:-1, max-image-preview:large, max-video-preview:-1\" \/>\n<link rel=\"canonical\" href=\"https:\/\/clusterhabitat.pt\/en\/dec-4-transsmart-conference-ambiente-construido-inteligente\/\" \/>\n<meta property=\"og:locale\" content=\"en_US\" \/>\n<meta property=\"og:type\" content=\"article\" \/>\n<meta property=\"og:title\" content=\"Dec 4 | TransSMART Conference | Ambiente Constru\u00eddo Inteligente - Cluster Habitat Sustent\u00e1vel\" \/>\n<meta property=\"og:description\" content=\"Dec 4 | TransSMART Conference | Ambiente Constru\u00eddo Inteligente\" \/>\n<meta property=\"og:url\" content=\"https:\/\/clusterhabitat.pt\/en\/dec-4-transsmart-conference-ambiente-construido-inteligente\/\" \/>\n<meta property=\"og:site_name\" content=\"Cluster Habitat Sustent\u00e1vel\" \/>\n<meta property=\"article:publisher\" content=\"https:\/\/www.facebook.com\/clusterhabitat\" \/>\n<meta property=\"article:published_time\" content=\"2019-12-04T10:20:34+00:00\" \/>\n<meta property=\"article:modified_time\" content=\"2025-09-12T16:44:42+00:00\" \/>\n<meta property=\"og:image\" content=\"https:\/\/clusterhabitat.pt\/wp-content\/uploads\/2019\/12\/Icone_Conferencia.jpg\" \/>\n\t<meta property=\"og:image:width\" content=\"1300\" \/>\n\t<meta property=\"og:image:height\" content=\"693\" \/>\n\t<meta property=\"og:image:type\" content=\"image\/jpeg\" \/>\n<meta name=\"author\" content=\"Dep. T\u00e9cnico\" \/>\n<meta name=\"twitter:card\" content=\"summary_large_image\" \/>\n<meta name=\"twitter:creator\" content=\"@ClusterHabitat\" \/>\n<meta name=\"twitter:site\" content=\"@ClusterHabitat\" \/>\n<meta name=\"twitter:label1\" content=\"Written by\" \/>\n\t<meta name=\"twitter:data1\" content=\"Dep. T\u00e9cnico\" \/>\n\t<meta name=\"twitter:label2\" content=\"Est. reading time\" \/>\n\t<meta name=\"twitter:data2\" content=\"1 minute\" \/>\n<script type=\"application\/ld+json\" class=\"yoast-schema-graph\">{\"@context\":\"https:\\\/\\\/schema.org\",\"@graph\":[{\"@type\":\"Article\",\"@id\":\"https:\\\/\\\/clusterhabitat.pt\\\/en\\\/dec-4-transsmart-conference-ambiente-construido-inteligente\\\/#article\",\"isPartOf\":{\"@id\":\"https:\\\/\\\/clusterhabitat.pt\\\/en\\\/dec-4-transsmart-conference-ambiente-construido-inteligente\\\/\"},\"author\":{\"name\":\"Dep. T\u00e9cnico\",\"@id\":\"https:\\\/\\\/clusterhabitat.pt\\\/#\\\/schema\\\/person\\\/cbf1c9d1fa2a0532efb35af2fa1796cd\"},\"headline\":\"Dec 4 | TransSMART Conference | Ambiente Constru\u00eddo Inteligente\",\"datePublished\":\"2019-12-04T10:20:34+00:00\",\"dateModified\":\"2025-09-12T16:44:42+00:00\",\"mainEntityOfPage\":{\"@id\":\"https:\\\/\\\/clusterhabitat.pt\\\/en\\\/dec-4-transsmart-conference-ambiente-construido-inteligente\\\/\"},\"wordCount\":151,\"publisher\":{\"@id\":\"https:\\\/\\\/clusterhabitat.pt\\\/#organization\"},\"image\":{\"@id\":\"https:\\\/\\\/clusterhabitat.pt\\\/en\\\/dec-4-transsmart-conference-ambiente-construido-inteligente\\\/#primaryimage\"},\"thumbnailUrl\":\"https:\\\/\\\/clusterhabitat.pt\\\/wp-content\\\/uploads\\\/2019\\\/12\\\/Icone_Conferencia.jpg\",\"articleSection\":[\"Events\"],\"inLanguage\":\"en-US\"},{\"@type\":\"WebPage\",\"@id\":\"https:\\\/\\\/clusterhabitat.pt\\\/en\\\/dec-4-transsmart-conference-ambiente-construido-inteligente\\\/\",\"url\":\"https:\\\/\\\/clusterhabitat.pt\\\/en\\\/dec-4-transsmart-conference-ambiente-construido-inteligente\\\/\",\"name\":\"Dec 4 | TransSMART Conference | Ambiente Constru\u00eddo Inteligente - Cluster Habitat Sustent\u00e1vel\",\"isPartOf\":{\"@id\":\"https:\\\/\\\/clusterhabitat.pt\\\/#website\"},\"primaryImageOfPage\":{\"@id\":\"https:\\\/\\\/clusterhabitat.pt\\\/en\\\/dec-4-transsmart-conference-ambiente-construido-inteligente\\\/#primaryimage\"},\"image\":{\"@id\":\"https:\\\/\\\/clusterhabitat.pt\\\/en\\\/dec-4-transsmart-conference-ambiente-construido-inteligente\\\/#primaryimage\"},\"thumbnailUrl\":\"https:\\\/\\\/clusterhabitat.pt\\\/wp-content\\\/uploads\\\/2019\\\/12\\\/Icone_Conferencia.jpg\",\"datePublished\":\"2019-12-04T10:20:34+00:00\",\"dateModified\":\"2025-09-12T16:44:42+00:00\",\"description\":\"Dec 4 | TransSMART Conference | Ambiente Constru\u00eddo Inteligente\",\"breadcrumb\":{\"@id\":\"https:\\\/\\\/clusterhabitat.pt\\\/en\\\/dec-4-transsmart-conference-ambiente-construido-inteligente\\\/#breadcrumb\"},\"inLanguage\":\"en-US\",\"potentialAction\":[{\"@type\":\"ReadAction\",\"target\":[\"https:\\\/\\\/clusterhabitat.pt\\\/en\\\/dec-4-transsmart-conference-ambiente-construido-inteligente\\\/\"]}]},{\"@type\":\"ImageObject\",\"inLanguage\":\"en-US\",\"@id\":\"https:\\\/\\\/clusterhabitat.pt\\\/en\\\/dec-4-transsmart-conference-ambiente-construido-inteligente\\\/#primaryimage\",\"url\":\"https:\\\/\\\/clusterhabitat.pt\\\/wp-content\\\/uploads\\\/2019\\\/12\\\/Icone_Conferencia.jpg\",\"contentUrl\":\"https:\\\/\\\/clusterhabitat.pt\\\/wp-content\\\/uploads\\\/2019\\\/12\\\/Icone_Conferencia.jpg\",\"width\":1300,\"height\":693},{\"@type\":\"BreadcrumbList\",\"@id\":\"https:\\\/\\\/clusterhabitat.pt\\\/en\\\/dec-4-transsmart-conference-ambiente-construido-inteligente\\\/#breadcrumb\",\"itemListElement\":[{\"@type\":\"ListItem\",\"position\":1,\"name\":\"In\u00edcio\",\"item\":\"https:\\\/\\\/clusterhabitat.pt\\\/en\\\/\"},{\"@type\":\"ListItem\",\"position\":2,\"name\":\"Dec 4 | TransSMART Conference | Ambiente Constru\u00eddo Inteligente\"}]},{\"@type\":\"WebSite\",\"@id\":\"https:\\\/\\\/clusterhabitat.pt\\\/#website\",\"url\":\"https:\\\/\\\/clusterhabitat.pt\\\/\",\"name\":\"Cluster Habitat Sustent\u00e1vel\",\"description\":\"\",\"publisher\":{\"@id\":\"https:\\\/\\\/clusterhabitat.pt\\\/#organization\"},\"potentialAction\":[{\"@type\":\"SearchAction\",\"target\":{\"@type\":\"EntryPoint\",\"urlTemplate\":\"https:\\\/\\\/clusterhabitat.pt\\\/?s={search_term_string}\"},\"query-input\":{\"@type\":\"PropertyValueSpecification\",\"valueRequired\":true,\"valueName\":\"search_term_string\"}}],\"inLanguage\":\"en-US\"},{\"@type\":\"Organization\",\"@id\":\"https:\\\/\\\/clusterhabitat.pt\\\/#organization\",\"name\":\"Cluster Habitat Sustent\u00e1vel\",\"url\":\"https:\\\/\\\/clusterhabitat.pt\\\/\",\"logo\":{\"@type\":\"ImageObject\",\"inLanguage\":\"en-US\",\"@id\":\"https:\\\/\\\/clusterhabitat.pt\\\/#\\\/schema\\\/logo\\\/image\\\/\",\"url\":\"https:\\\/\\\/clusterhabitat.pt\\\/wp-content\\\/uploads\\\/2024\\\/01\\\/cropped-Cluster-Logo.png\",\"contentUrl\":\"https:\\\/\\\/clusterhabitat.pt\\\/wp-content\\\/uploads\\\/2024\\\/01\\\/cropped-Cluster-Logo.png\",\"width\":203,\"height\":40,\"caption\":\"Cluster Habitat Sustent\u00e1vel\"},\"image\":{\"@id\":\"https:\\\/\\\/clusterhabitat.pt\\\/#\\\/schema\\\/logo\\\/image\\\/\"},\"sameAs\":[\"https:\\\/\\\/www.facebook.com\\\/clusterhabitat\",\"https:\\\/\\\/x.com\\\/ClusterHabitat\",\"https:\\\/\\\/www.linkedin.com\\\/company\\\/associao-plataforma-para-a-construo-sustentvel\\\/\"]},{\"@type\":\"Person\",\"@id\":\"https:\\\/\\\/clusterhabitat.pt\\\/#\\\/schema\\\/person\\\/cbf1c9d1fa2a0532efb35af2fa1796cd\",\"name\":\"Dep. T\u00e9cnico\",\"image\":{\"@type\":\"ImageObject\",\"inLanguage\":\"en-US\",\"@id\":\"https:\\\/\\\/clusterhabitat.pt\\\/wp-content\\\/litespeed\\\/avatar\\\/c919d1d4cd45951b510dc414a77e01c1.jpg?ver=1777433525\",\"url\":\"https:\\\/\\\/clusterhabitat.pt\\\/wp-content\\\/litespeed\\\/avatar\\\/c919d1d4cd45951b510dc414a77e01c1.jpg?ver=1777433525\",\"contentUrl\":\"https:\\\/\\\/clusterhabitat.pt\\\/wp-content\\\/litespeed\\\/avatar\\\/c919d1d4cd45951b510dc414a77e01c1.jpg?ver=1777433525\",\"caption\":\"Dep. T\u00e9cnico\"},\"url\":\"https:\\\/\\\/clusterhabitat.pt\\\/en\\\/author\\\/deptecnico\\\/\"}]}<\/script>\n<!-- \/ Yoast SEO plugin. -->","yoast_head_json":{"title":"Dec 4 | TransSMART Conference | Ambiente Constru\u00eddo Inteligente - Cluster Habitat Sustent\u00e1vel","description":"Dec 4 | TransSMART Conference | Ambiente Constru\u00eddo Inteligente","robots":{"index":"index","follow":"follow","max-snippet":"max-snippet:-1","max-image-preview":"max-image-preview:large","max-video-preview":"max-video-preview:-1"},"canonical":"https:\/\/clusterhabitat.pt\/en\/dec-4-transsmart-conference-ambiente-construido-inteligente\/","og_locale":"en_US","og_type":"article","og_title":"Dec 4 | TransSMART Conference | Ambiente Constru\u00eddo Inteligente - Cluster Habitat Sustent\u00e1vel","og_description":"Dec 4 | TransSMART Conference | Ambiente Constru\u00eddo Inteligente","og_url":"https:\/\/clusterhabitat.pt\/en\/dec-4-transsmart-conference-ambiente-construido-inteligente\/","og_site_name":"Cluster Habitat Sustent\u00e1vel","article_publisher":"https:\/\/www.facebook.com\/clusterhabitat","article_published_time":"2019-12-04T10:20:34+00:00","article_modified_time":"2025-09-12T16:44:42+00:00","og_image":[{"width":1300,"height":693,"url":"https:\/\/clusterhabitat.pt\/wp-content\/uploads\/2019\/12\/Icone_Conferencia.jpg","type":"image\/jpeg"}],"author":"Dep. T\u00e9cnico","twitter_card":"summary_large_image","twitter_creator":"@ClusterHabitat","twitter_site":"@ClusterHabitat","twitter_misc":{"Written by":"Dep. T\u00e9cnico","Est. reading time":"1 minute"},"schema":{"@context":"https:\/\/schema.org","@graph":[{"@type":"Article","@id":"https:\/\/clusterhabitat.pt\/en\/dec-4-transsmart-conference-ambiente-construido-inteligente\/#article","isPartOf":{"@id":"https:\/\/clusterhabitat.pt\/en\/dec-4-transsmart-conference-ambiente-construido-inteligente\/"},"author":{"name":"Dep. T\u00e9cnico","@id":"https:\/\/clusterhabitat.pt\/#\/schema\/person\/cbf1c9d1fa2a0532efb35af2fa1796cd"},"headline":"Dec 4 | TransSMART Conference | Ambiente Constru\u00eddo Inteligente","datePublished":"2019-12-04T10:20:34+00:00","dateModified":"2025-09-12T16:44:42+00:00","mainEntityOfPage":{"@id":"https:\/\/clusterhabitat.pt\/en\/dec-4-transsmart-conference-ambiente-construido-inteligente\/"},"wordCount":151,"publisher":{"@id":"https:\/\/clusterhabitat.pt\/#organization"},"image":{"@id":"https:\/\/clusterhabitat.pt\/en\/dec-4-transsmart-conference-ambiente-construido-inteligente\/#primaryimage"},"thumbnailUrl":"https:\/\/clusterhabitat.pt\/wp-content\/uploads\/2019\/12\/Icone_Conferencia.jpg","articleSection":["Events"],"inLanguage":"en-US"},{"@type":"WebPage","@id":"https:\/\/clusterhabitat.pt\/en\/dec-4-transsmart-conference-ambiente-construido-inteligente\/","url":"https:\/\/clusterhabitat.pt\/en\/dec-4-transsmart-conference-ambiente-construido-inteligente\/","name":"Dec 4 | TransSMART Conference | Ambiente Constru\u00eddo Inteligente - Cluster Habitat Sustent\u00e1vel","isPartOf":{"@id":"https:\/\/clusterhabitat.pt\/#website"},"primaryImageOfPage":{"@id":"https:\/\/clusterhabitat.pt\/en\/dec-4-transsmart-conference-ambiente-construido-inteligente\/#primaryimage"},"image":{"@id":"https:\/\/clusterhabitat.pt\/en\/dec-4-transsmart-conference-ambiente-construido-inteligente\/#primaryimage"},"thumbnailUrl":"https:\/\/clusterhabitat.pt\/wp-content\/uploads\/2019\/12\/Icone_Conferencia.jpg","datePublished":"2019-12-04T10:20:34+00:00","dateModified":"2025-09-12T16:44:42+00:00","description":"Dec 4 | TransSMART Conference | Ambiente Constru\u00eddo Inteligente","breadcrumb":{"@id":"https:\/\/clusterhabitat.pt\/en\/dec-4-transsmart-conference-ambiente-construido-inteligente\/#breadcrumb"},"inLanguage":"en-US","potentialAction":[{"@type":"ReadAction","target":["https:\/\/clusterhabitat.pt\/en\/dec-4-transsmart-conference-ambiente-construido-inteligente\/"]}]},{"@type":"ImageObject","inLanguage":"en-US","@id":"https:\/\/clusterhabitat.pt\/en\/dec-4-transsmart-conference-ambiente-construido-inteligente\/#primaryimage","url":"https:\/\/clusterhabitat.pt\/wp-content\/uploads\/2019\/12\/Icone_Conferencia.jpg","contentUrl":"https:\/\/clusterhabitat.pt\/wp-content\/uploads\/2019\/12\/Icone_Conferencia.jpg","width":1300,"height":693},{"@type":"BreadcrumbList","@id":"https:\/\/clusterhabitat.pt\/en\/dec-4-transsmart-conference-ambiente-construido-inteligente\/#breadcrumb","itemListElement":[{"@type":"ListItem","position":1,"name":"In\u00edcio","item":"https:\/\/clusterhabitat.pt\/en\/"},{"@type":"ListItem","position":2,"name":"Dec 4 | TransSMART Conference | Ambiente Constru\u00eddo Inteligente"}]},{"@type":"WebSite","@id":"https:\/\/clusterhabitat.pt\/#website","url":"https:\/\/clusterhabitat.pt\/","name":"Cluster Habitat Sustent\u00e1vel","description":"","publisher":{"@id":"https:\/\/clusterhabitat.pt\/#organization"},"potentialAction":[{"@type":"SearchAction","target":{"@type":"EntryPoint","urlTemplate":"https:\/\/clusterhabitat.pt\/?s={search_term_string}"},"query-input":{"@type":"PropertyValueSpecification","valueRequired":true,"valueName":"search_term_string"}}],"inLanguage":"en-US"},{"@type":"Organization","@id":"https:\/\/clusterhabitat.pt\/#organization","name":"Cluster Habitat Sustent\u00e1vel","url":"https:\/\/clusterhabitat.pt\/","logo":{"@type":"ImageObject","inLanguage":"en-US","@id":"https:\/\/clusterhabitat.pt\/#\/schema\/logo\/image\/","url":"https:\/\/clusterhabitat.pt\/wp-content\/uploads\/2024\/01\/cropped-Cluster-Logo.png","contentUrl":"https:\/\/clusterhabitat.pt\/wp-content\/uploads\/2024\/01\/cropped-Cluster-Logo.png","width":203,"height":40,"caption":"Cluster Habitat Sustent\u00e1vel"},"image":{"@id":"https:\/\/clusterhabitat.pt\/#\/schema\/logo\/image\/"},"sameAs":["https:\/\/www.facebook.com\/clusterhabitat","https:\/\/x.com\/ClusterHabitat","https:\/\/www.linkedin.com\/company\/associao-plataforma-para-a-construo-sustentvel\/"]},{"@type":"Person","@id":"https:\/\/clusterhabitat.pt\/#\/schema\/person\/cbf1c9d1fa2a0532efb35af2fa1796cd","name":"Dep. T\u00e9cnico","image":{"@type":"ImageObject","inLanguage":"en-US","@id":"https:\/\/clusterhabitat.pt\/wp-content\/litespeed\/avatar\/c919d1d4cd45951b510dc414a77e01c1.jpg?ver=1777433525","url":"https:\/\/clusterhabitat.pt\/wp-content\/litespeed\/avatar\/c919d1d4cd45951b510dc414a77e01c1.jpg?ver=1777433525","contentUrl":"https:\/\/clusterhabitat.pt\/wp-content\/litespeed\/avatar\/c919d1d4cd45951b510dc414a77e01c1.jpg?ver=1777433525","caption":"Dep. T\u00e9cnico"},"url":"https:\/\/clusterhabitat.pt\/en\/author\/deptecnico\/"}]}},"_links":{"self":[{"href":"https:\/\/clusterhabitat.pt\/en\/wp-json\/wp\/v2\/posts\/7651","targetHints":{"allow":["GET"]}}],"collection":[{"href":"https:\/\/clusterhabitat.pt\/en\/wp-json\/wp\/v2\/posts"}],"about":[{"href":"https:\/\/clusterhabitat.pt\/en\/wp-json\/wp\/v2\/types\/post"}],"author":[{"embeddable":true,"href":"https:\/\/clusterhabitat.pt\/en\/wp-json\/wp\/v2\/users\/4"}],"replies":[{"embeddable":true,"href":"https:\/\/clusterhabitat.pt\/en\/wp-json\/wp\/v2\/comments?post=7651"}],"version-history":[{"count":3,"href":"https:\/\/clusterhabitat.pt\/en\/wp-json\/wp\/v2\/posts\/7651\/revisions"}],"predecessor-version":[{"id":12691,"href":"https:\/\/clusterhabitat.pt\/en\/wp-json\/wp\/v2\/posts\/7651\/revisions\/12691"}],"wp:featuredmedia":[{"embeddable":true,"href":"https:\/\/clusterhabitat.pt\/en\/wp-json\/wp\/v2\/media\/7637"}],"wp:attachment":[{"href":"https:\/\/clusterhabitat.pt\/en\/wp-json\/wp\/v2\/media?parent=7651"}],"wp:term":[{"taxonomy":"category","embeddable":true,"href":"https:\/\/clusterhabitat.pt\/en\/wp-json\/wp\/v2\/categories?post=7651"},{"taxonomy":"post_tag","embeddable":true,"href":"https:\/\/clusterhabitat.pt\/en\/wp-json\/wp\/v2\/tags?post=7651"}],"curies":[{"name":"wp","href":"https:\/\/api.w.org\/{rel}","templated":true}]}}