{"id":7989,"date":"2019-12-12T08:31:31","date_gmt":"2019-12-12T08:31:31","guid":{"rendered":"https:\/\/clusterhabitat.pt\/cluster-habitat-sustentavel-participates-in-the-1st-meeting-of-european-gold-label-clusters\/"},"modified":"2024-07-29T10:24:31","modified_gmt":"2024-07-29T10:24:31","slug":"cluster-habitat-sustentavel-participates-in-the-1st-meeting-of-european-gold-label-clusters","status":"publish","type":"post","link":"https:\/\/clusterhabitat.pt\/en\/cluster-habitat-sustentavel-participates-in-the-1st-meeting-of-european-gold-label-clusters\/","title":{"rendered":"Cluster Habitat Sustent\u00e1vel participates in the 1st Meeting of European Gold Label Clusters"},"content":{"rendered":"<p>[vc_row][vc_column][vc_column_text]This meeting brought together 50 Cluster managers from 17 European countries that have the <strong>Gold Label<\/strong>, the highest level of international recognition for competitiveness clusters. <strong>Within the &#8220;Construction&#8221; category, only 2 Cluster in Europe have the Gold Label, one of which is Cluster Habitat Sustent\u00e1vel.<\/strong><\/p>\n<p>&nbsp;<\/p>\n<p>In 2013, the Cluster had already received the \u201cBronze Label\u201d classification, obtaining in 2015 the \u201cGold Label\u201d, a classification that it managed to see successfully renewed in 2018, a fact that is marked with great satisfaction by the repercussion and international recognition of the Cluster .<\/p>\n<p>&nbsp;<\/p>\n<p>During this meeting participants had the opportunity to exchange ideas and experiences in three different sessions, always following a participatory approach. \u00a0 The first session addressed the recognition of European Clusters Excellence (European Cluster Excellence Labeling), the aspects of its process, indicators and the best way to use this recognition in Cluster policies and programs.<\/p>\n<p>&nbsp;<\/p>\n<p>In the second session, the participants were given the opportunity to propose discussion topics related to the needs of the Clusters&#8217; actions, at regional, national and EU level. At the end, nine topics were proposed, being the three that were more interesting: The relationship between clusters and digital innovation hubs, the definition of clusters and internationalization.<\/p>\n<p>&nbsp;<\/p>\n<p>In the last session, valuable feedback and information was gathered taking into consideration the development of the next generation of initiatives for the EU Clusters, mainly the Joint Cluster initiatives proposed under the Single Market Program.<\/p>\n<p>&nbsp;<\/p>\n<p>See more <a href=\"https:\/\/www.clustercollaboration.eu\/news\/meeting-50-gold-label-clusters\" target=\"_blank\" rel=\"noopener\"><strong>HERE<\/strong><\/a>.<\/p>\n<p>&nbsp;<\/p>\n<p>&nbsp;<\/p>\n<p>[\/vc_column_text][vc_media_grid element_width=&#8221;6&#8243; gap=&#8221;15&#8243; grid_id=&#8221;vc_gid:1722248631482-0e14ed20-2307-0&#8243; include=&#8221;7978,7980,7982,7984&#8243;][\/vc_column][\/vc_row]<\/p>\n","protected":false},"excerpt":{"rendered":"<p>On December 4 in Brussels, Cluster Habitat Sustent\u00e1vel participated in the 1st Meeting of European Gold Label Clusters, organized by DG Grow (DG for Internal Market, Industry, Entrepreneurship and SMEs).<\/p>\n","protected":false},"author":4,"featured_media":7979,"comment_status":"closed","ping_status":"closed","sticky":false,"template":"","format":"standard","meta":{"_monsterinsights_skip_tracking":false,"_monsterinsights_sitenote_active":false,"_monsterinsights_sitenote_note":"","_monsterinsights_sitenote_category":0,"footnotes":""},"categories":[63],"tags":[],"class_list":["post-7989","post","type-post","status-publish","format-standard","has-post-thumbnail","hentry","category-noticias"],"yoast_head":"<!-- This site is optimized with the Yoast SEO plugin v27.5 - https:\/\/yoast.com\/product\/yoast-seo-wordpress\/ -->\n<title>Cluster Habitat Sustent\u00e1vel participates in the 1st Meeting of European Gold Label Clusters - Cluster Habitat Sustent\u00e1vel<\/title>\n<meta name=\"description\" content=\"On December 4, Cluster Habitat Sustent\u00e1vel participated in the 1st Meeting of European Gold Label Clusters, organized by DG Grow.\" \/>\n<meta name=\"robots\" content=\"index, follow, max-snippet:-1, max-image-preview:large, max-video-preview:-1\" \/>\n<link rel=\"canonical\" href=\"https:\/\/clusterhabitat.pt\/en\/cluster-habitat-sustentavel-participates-in-the-1st-meeting-of-european-gold-label-clusters\/\" \/>\n<meta property=\"og:locale\" content=\"en_US\" \/>\n<meta property=\"og:type\" content=\"article\" \/>\n<meta property=\"og:title\" content=\"Cluster Habitat Sustent\u00e1vel participates in the 1st Meeting of European Gold Label Clusters - Cluster Habitat Sustent\u00e1vel\" \/>\n<meta property=\"og:description\" content=\"On December 4, Cluster Habitat Sustent\u00e1vel participated in the 1st Meeting of European Gold Label Clusters, organized by DG Grow.\" \/>\n<meta property=\"og:url\" content=\"https:\/\/clusterhabitat.pt\/en\/cluster-habitat-sustentavel-participates-in-the-1st-meeting-of-european-gold-label-clusters\/\" \/>\n<meta property=\"og:site_name\" content=\"Cluster Habitat Sustent\u00e1vel\" \/>\n<meta property=\"article:publisher\" content=\"https:\/\/www.facebook.com\/clusterhabitat\" \/>\n<meta property=\"article:published_time\" content=\"2019-12-12T08:31:31+00:00\" \/>\n<meta property=\"article:modified_time\" content=\"2024-07-29T10:24:31+00:00\" \/>\n<meta property=\"og:image\" content=\"https:\/\/clusterhabitat.pt\/wp-content\/uploads\/2019\/12\/Registo-Fotografico-4.jpg\" \/>\n\t<meta property=\"og:image:width\" content=\"2048\" \/>\n\t<meta property=\"og:image:height\" content=\"1536\" \/>\n\t<meta property=\"og:image:type\" content=\"image\/jpeg\" \/>\n<meta name=\"author\" content=\"Dep. T\u00e9cnico\" \/>\n<meta name=\"twitter:card\" content=\"summary_large_image\" \/>\n<meta name=\"twitter:creator\" content=\"@ClusterHabitat\" \/>\n<meta name=\"twitter:site\" content=\"@ClusterHabitat\" \/>\n<meta name=\"twitter:label1\" content=\"Written by\" \/>\n\t<meta name=\"twitter:data1\" content=\"Dep. T\u00e9cnico\" \/>\n\t<meta name=\"twitter:label2\" content=\"Est. reading time\" \/>\n\t<meta name=\"twitter:data2\" content=\"3 minutes\" \/>\n<script type=\"application\/ld+json\" class=\"yoast-schema-graph\">{\"@context\":\"https:\\\/\\\/schema.org\",\"@graph\":[{\"@type\":\"Article\",\"@id\":\"https:\\\/\\\/clusterhabitat.pt\\\/en\\\/cluster-habitat-sustentavel-participates-in-the-1st-meeting-of-european-gold-label-clusters\\\/#article\",\"isPartOf\":{\"@id\":\"https:\\\/\\\/clusterhabitat.pt\\\/en\\\/cluster-habitat-sustentavel-participates-in-the-1st-meeting-of-european-gold-label-clusters\\\/\"},\"author\":{\"name\":\"Dep. T\u00e9cnico\",\"@id\":\"https:\\\/\\\/clusterhabitat.pt\\\/#\\\/schema\\\/person\\\/cbf1c9d1fa2a0532efb35af2fa1796cd\"},\"headline\":\"Cluster Habitat Sustent\u00e1vel participates in the 1st Meeting of European Gold Label Clusters\",\"datePublished\":\"2019-12-12T08:31:31+00:00\",\"dateModified\":\"2024-07-29T10:24:31+00:00\",\"mainEntityOfPage\":{\"@id\":\"https:\\\/\\\/clusterhabitat.pt\\\/en\\\/cluster-habitat-sustentavel-participates-in-the-1st-meeting-of-european-gold-label-clusters\\\/\"},\"wordCount\":285,\"publisher\":{\"@id\":\"https:\\\/\\\/clusterhabitat.pt\\\/#organization\"},\"image\":{\"@id\":\"https:\\\/\\\/clusterhabitat.pt\\\/en\\\/cluster-habitat-sustentavel-participates-in-the-1st-meeting-of-european-gold-label-clusters\\\/#primaryimage\"},\"thumbnailUrl\":\"https:\\\/\\\/clusterhabitat.pt\\\/wp-content\\\/uploads\\\/2019\\\/12\\\/Registo-Fotografico-4.jpg\",\"articleSection\":[\"News\"],\"inLanguage\":\"en-US\"},{\"@type\":\"WebPage\",\"@id\":\"https:\\\/\\\/clusterhabitat.pt\\\/en\\\/cluster-habitat-sustentavel-participates-in-the-1st-meeting-of-european-gold-label-clusters\\\/\",\"url\":\"https:\\\/\\\/clusterhabitat.pt\\\/en\\\/cluster-habitat-sustentavel-participates-in-the-1st-meeting-of-european-gold-label-clusters\\\/\",\"name\":\"Cluster Habitat Sustent\u00e1vel participates in the 1st Meeting of European Gold Label Clusters - Cluster Habitat Sustent\u00e1vel\",\"isPartOf\":{\"@id\":\"https:\\\/\\\/clusterhabitat.pt\\\/#website\"},\"primaryImageOfPage\":{\"@id\":\"https:\\\/\\\/clusterhabitat.pt\\\/en\\\/cluster-habitat-sustentavel-participates-in-the-1st-meeting-of-european-gold-label-clusters\\\/#primaryimage\"},\"image\":{\"@id\":\"https:\\\/\\\/clusterhabitat.pt\\\/en\\\/cluster-habitat-sustentavel-participates-in-the-1st-meeting-of-european-gold-label-clusters\\\/#primaryimage\"},\"thumbnailUrl\":\"https:\\\/\\\/clusterhabitat.pt\\\/wp-content\\\/uploads\\\/2019\\\/12\\\/Registo-Fotografico-4.jpg\",\"datePublished\":\"2019-12-12T08:31:31+00:00\",\"dateModified\":\"2024-07-29T10:24:31+00:00\",\"description\":\"On December 4, Cluster Habitat Sustent\u00e1vel participated in the 1st Meeting of European Gold Label Clusters, organized by DG Grow.\",\"breadcrumb\":{\"@id\":\"https:\\\/\\\/clusterhabitat.pt\\\/en\\\/cluster-habitat-sustentavel-participates-in-the-1st-meeting-of-european-gold-label-clusters\\\/#breadcrumb\"},\"inLanguage\":\"en-US\",\"potentialAction\":[{\"@type\":\"ReadAction\",\"target\":[\"https:\\\/\\\/clusterhabitat.pt\\\/en\\\/cluster-habitat-sustentavel-participates-in-the-1st-meeting-of-european-gold-label-clusters\\\/\"]}]},{\"@type\":\"ImageObject\",\"inLanguage\":\"en-US\",\"@id\":\"https:\\\/\\\/clusterhabitat.pt\\\/en\\\/cluster-habitat-sustentavel-participates-in-the-1st-meeting-of-european-gold-label-clusters\\\/#primaryimage\",\"url\":\"https:\\\/\\\/clusterhabitat.pt\\\/wp-content\\\/uploads\\\/2019\\\/12\\\/Registo-Fotografico-4.jpg\",\"contentUrl\":\"https:\\\/\\\/clusterhabitat.pt\\\/wp-content\\\/uploads\\\/2019\\\/12\\\/Registo-Fotografico-4.jpg\",\"width\":2048,\"height\":1536},{\"@type\":\"BreadcrumbList\",\"@id\":\"https:\\\/\\\/clusterhabitat.pt\\\/en\\\/cluster-habitat-sustentavel-participates-in-the-1st-meeting-of-european-gold-label-clusters\\\/#breadcrumb\",\"itemListElement\":[{\"@type\":\"ListItem\",\"position\":1,\"name\":\"In\u00edcio\",\"item\":\"https:\\\/\\\/clusterhabitat.pt\\\/en\\\/\"},{\"@type\":\"ListItem\",\"position\":2,\"name\":\"Cluster Habitat Sustent\u00e1vel participates in the 1st Meeting of European Gold Label Clusters\"}]},{\"@type\":\"WebSite\",\"@id\":\"https:\\\/\\\/clusterhabitat.pt\\\/#website\",\"url\":\"https:\\\/\\\/clusterhabitat.pt\\\/\",\"name\":\"Cluster Habitat Sustent\u00e1vel\",\"description\":\"\",\"publisher\":{\"@id\":\"https:\\\/\\\/clusterhabitat.pt\\\/#organization\"},\"potentialAction\":[{\"@type\":\"SearchAction\",\"target\":{\"@type\":\"EntryPoint\",\"urlTemplate\":\"https:\\\/\\\/clusterhabitat.pt\\\/?s={search_term_string}\"},\"query-input\":{\"@type\":\"PropertyValueSpecification\",\"valueRequired\":true,\"valueName\":\"search_term_string\"}}],\"inLanguage\":\"en-US\"},{\"@type\":\"Organization\",\"@id\":\"https:\\\/\\\/clusterhabitat.pt\\\/#organization\",\"name\":\"Cluster Habitat Sustent\u00e1vel\",\"url\":\"https:\\\/\\\/clusterhabitat.pt\\\/\",\"logo\":{\"@type\":\"ImageObject\",\"inLanguage\":\"en-US\",\"@id\":\"https:\\\/\\\/clusterhabitat.pt\\\/#\\\/schema\\\/logo\\\/image\\\/\",\"url\":\"https:\\\/\\\/clusterhabitat.pt\\\/wp-content\\\/uploads\\\/2024\\\/01\\\/cropped-Cluster-Logo.png\",\"contentUrl\":\"https:\\\/\\\/clusterhabitat.pt\\\/wp-content\\\/uploads\\\/2024\\\/01\\\/cropped-Cluster-Logo.png\",\"width\":203,\"height\":40,\"caption\":\"Cluster Habitat Sustent\u00e1vel\"},\"image\":{\"@id\":\"https:\\\/\\\/clusterhabitat.pt\\\/#\\\/schema\\\/logo\\\/image\\\/\"},\"sameAs\":[\"https:\\\/\\\/www.facebook.com\\\/clusterhabitat\",\"https:\\\/\\\/x.com\\\/ClusterHabitat\",\"https:\\\/\\\/www.linkedin.com\\\/company\\\/associao-plataforma-para-a-construo-sustentvel\\\/\"]},{\"@type\":\"Person\",\"@id\":\"https:\\\/\\\/clusterhabitat.pt\\\/#\\\/schema\\\/person\\\/cbf1c9d1fa2a0532efb35af2fa1796cd\",\"name\":\"Dep. T\u00e9cnico\",\"image\":{\"@type\":\"ImageObject\",\"inLanguage\":\"en-US\",\"@id\":\"https:\\\/\\\/clusterhabitat.pt\\\/wp-content\\\/litespeed\\\/avatar\\\/c919d1d4cd45951b510dc414a77e01c1.jpg?ver=1777433525\",\"url\":\"https:\\\/\\\/clusterhabitat.pt\\\/wp-content\\\/litespeed\\\/avatar\\\/c919d1d4cd45951b510dc414a77e01c1.jpg?ver=1777433525\",\"contentUrl\":\"https:\\\/\\\/clusterhabitat.pt\\\/wp-content\\\/litespeed\\\/avatar\\\/c919d1d4cd45951b510dc414a77e01c1.jpg?ver=1777433525\",\"caption\":\"Dep. T\u00e9cnico\"},\"url\":\"https:\\\/\\\/clusterhabitat.pt\\\/en\\\/author\\\/deptecnico\\\/\"}]}<\/script>\n<!-- \/ Yoast SEO plugin. -->","yoast_head_json":{"title":"Cluster Habitat Sustent\u00e1vel participates in the 1st Meeting of European Gold Label Clusters - Cluster Habitat Sustent\u00e1vel","description":"On December 4, Cluster Habitat Sustent\u00e1vel participated in the 1st Meeting of European Gold Label Clusters, organized by DG Grow.","robots":{"index":"index","follow":"follow","max-snippet":"max-snippet:-1","max-image-preview":"max-image-preview:large","max-video-preview":"max-video-preview:-1"},"canonical":"https:\/\/clusterhabitat.pt\/en\/cluster-habitat-sustentavel-participates-in-the-1st-meeting-of-european-gold-label-clusters\/","og_locale":"en_US","og_type":"article","og_title":"Cluster Habitat Sustent\u00e1vel participates in the 1st Meeting of European Gold Label Clusters - Cluster Habitat Sustent\u00e1vel","og_description":"On December 4, Cluster Habitat Sustent\u00e1vel participated in the 1st Meeting of European Gold Label Clusters, organized by DG Grow.","og_url":"https:\/\/clusterhabitat.pt\/en\/cluster-habitat-sustentavel-participates-in-the-1st-meeting-of-european-gold-label-clusters\/","og_site_name":"Cluster Habitat Sustent\u00e1vel","article_publisher":"https:\/\/www.facebook.com\/clusterhabitat","article_published_time":"2019-12-12T08:31:31+00:00","article_modified_time":"2024-07-29T10:24:31+00:00","og_image":[{"width":2048,"height":1536,"url":"https:\/\/clusterhabitat.pt\/wp-content\/uploads\/2019\/12\/Registo-Fotografico-4.jpg","type":"image\/jpeg"}],"author":"Dep. T\u00e9cnico","twitter_card":"summary_large_image","twitter_creator":"@ClusterHabitat","twitter_site":"@ClusterHabitat","twitter_misc":{"Written by":"Dep. T\u00e9cnico","Est. reading time":"3 minutes"},"schema":{"@context":"https:\/\/schema.org","@graph":[{"@type":"Article","@id":"https:\/\/clusterhabitat.pt\/en\/cluster-habitat-sustentavel-participates-in-the-1st-meeting-of-european-gold-label-clusters\/#article","isPartOf":{"@id":"https:\/\/clusterhabitat.pt\/en\/cluster-habitat-sustentavel-participates-in-the-1st-meeting-of-european-gold-label-clusters\/"},"author":{"name":"Dep. T\u00e9cnico","@id":"https:\/\/clusterhabitat.pt\/#\/schema\/person\/cbf1c9d1fa2a0532efb35af2fa1796cd"},"headline":"Cluster Habitat Sustent\u00e1vel participates in the 1st Meeting of European Gold Label Clusters","datePublished":"2019-12-12T08:31:31+00:00","dateModified":"2024-07-29T10:24:31+00:00","mainEntityOfPage":{"@id":"https:\/\/clusterhabitat.pt\/en\/cluster-habitat-sustentavel-participates-in-the-1st-meeting-of-european-gold-label-clusters\/"},"wordCount":285,"publisher":{"@id":"https:\/\/clusterhabitat.pt\/#organization"},"image":{"@id":"https:\/\/clusterhabitat.pt\/en\/cluster-habitat-sustentavel-participates-in-the-1st-meeting-of-european-gold-label-clusters\/#primaryimage"},"thumbnailUrl":"https:\/\/clusterhabitat.pt\/wp-content\/uploads\/2019\/12\/Registo-Fotografico-4.jpg","articleSection":["News"],"inLanguage":"en-US"},{"@type":"WebPage","@id":"https:\/\/clusterhabitat.pt\/en\/cluster-habitat-sustentavel-participates-in-the-1st-meeting-of-european-gold-label-clusters\/","url":"https:\/\/clusterhabitat.pt\/en\/cluster-habitat-sustentavel-participates-in-the-1st-meeting-of-european-gold-label-clusters\/","name":"Cluster Habitat Sustent\u00e1vel participates in the 1st Meeting of European Gold Label Clusters - Cluster Habitat Sustent\u00e1vel","isPartOf":{"@id":"https:\/\/clusterhabitat.pt\/#website"},"primaryImageOfPage":{"@id":"https:\/\/clusterhabitat.pt\/en\/cluster-habitat-sustentavel-participates-in-the-1st-meeting-of-european-gold-label-clusters\/#primaryimage"},"image":{"@id":"https:\/\/clusterhabitat.pt\/en\/cluster-habitat-sustentavel-participates-in-the-1st-meeting-of-european-gold-label-clusters\/#primaryimage"},"thumbnailUrl":"https:\/\/clusterhabitat.pt\/wp-content\/uploads\/2019\/12\/Registo-Fotografico-4.jpg","datePublished":"2019-12-12T08:31:31+00:00","dateModified":"2024-07-29T10:24:31+00:00","description":"On December 4, Cluster Habitat Sustent\u00e1vel participated in the 1st Meeting of European Gold Label Clusters, organized by DG Grow.","breadcrumb":{"@id":"https:\/\/clusterhabitat.pt\/en\/cluster-habitat-sustentavel-participates-in-the-1st-meeting-of-european-gold-label-clusters\/#breadcrumb"},"inLanguage":"en-US","potentialAction":[{"@type":"ReadAction","target":["https:\/\/clusterhabitat.pt\/en\/cluster-habitat-sustentavel-participates-in-the-1st-meeting-of-european-gold-label-clusters\/"]}]},{"@type":"ImageObject","inLanguage":"en-US","@id":"https:\/\/clusterhabitat.pt\/en\/cluster-habitat-sustentavel-participates-in-the-1st-meeting-of-european-gold-label-clusters\/#primaryimage","url":"https:\/\/clusterhabitat.pt\/wp-content\/uploads\/2019\/12\/Registo-Fotografico-4.jpg","contentUrl":"https:\/\/clusterhabitat.pt\/wp-content\/uploads\/2019\/12\/Registo-Fotografico-4.jpg","width":2048,"height":1536},{"@type":"BreadcrumbList","@id":"https:\/\/clusterhabitat.pt\/en\/cluster-habitat-sustentavel-participates-in-the-1st-meeting-of-european-gold-label-clusters\/#breadcrumb","itemListElement":[{"@type":"ListItem","position":1,"name":"In\u00edcio","item":"https:\/\/clusterhabitat.pt\/en\/"},{"@type":"ListItem","position":2,"name":"Cluster Habitat Sustent\u00e1vel participates in the 1st Meeting of European Gold Label Clusters"}]},{"@type":"WebSite","@id":"https:\/\/clusterhabitat.pt\/#website","url":"https:\/\/clusterhabitat.pt\/","name":"Cluster Habitat Sustent\u00e1vel","description":"","publisher":{"@id":"https:\/\/clusterhabitat.pt\/#organization"},"potentialAction":[{"@type":"SearchAction","target":{"@type":"EntryPoint","urlTemplate":"https:\/\/clusterhabitat.pt\/?s={search_term_string}"},"query-input":{"@type":"PropertyValueSpecification","valueRequired":true,"valueName":"search_term_string"}}],"inLanguage":"en-US"},{"@type":"Organization","@id":"https:\/\/clusterhabitat.pt\/#organization","name":"Cluster Habitat Sustent\u00e1vel","url":"https:\/\/clusterhabitat.pt\/","logo":{"@type":"ImageObject","inLanguage":"en-US","@id":"https:\/\/clusterhabitat.pt\/#\/schema\/logo\/image\/","url":"https:\/\/clusterhabitat.pt\/wp-content\/uploads\/2024\/01\/cropped-Cluster-Logo.png","contentUrl":"https:\/\/clusterhabitat.pt\/wp-content\/uploads\/2024\/01\/cropped-Cluster-Logo.png","width":203,"height":40,"caption":"Cluster Habitat Sustent\u00e1vel"},"image":{"@id":"https:\/\/clusterhabitat.pt\/#\/schema\/logo\/image\/"},"sameAs":["https:\/\/www.facebook.com\/clusterhabitat","https:\/\/x.com\/ClusterHabitat","https:\/\/www.linkedin.com\/company\/associao-plataforma-para-a-construo-sustentvel\/"]},{"@type":"Person","@id":"https:\/\/clusterhabitat.pt\/#\/schema\/person\/cbf1c9d1fa2a0532efb35af2fa1796cd","name":"Dep. T\u00e9cnico","image":{"@type":"ImageObject","inLanguage":"en-US","@id":"https:\/\/clusterhabitat.pt\/wp-content\/litespeed\/avatar\/c919d1d4cd45951b510dc414a77e01c1.jpg?ver=1777433525","url":"https:\/\/clusterhabitat.pt\/wp-content\/litespeed\/avatar\/c919d1d4cd45951b510dc414a77e01c1.jpg?ver=1777433525","contentUrl":"https:\/\/clusterhabitat.pt\/wp-content\/litespeed\/avatar\/c919d1d4cd45951b510dc414a77e01c1.jpg?ver=1777433525","caption":"Dep. T\u00e9cnico"},"url":"https:\/\/clusterhabitat.pt\/en\/author\/deptecnico\/"}]}},"_links":{"self":[{"href":"https:\/\/clusterhabitat.pt\/en\/wp-json\/wp\/v2\/posts\/7989","targetHints":{"allow":["GET"]}}],"collection":[{"href":"https:\/\/clusterhabitat.pt\/en\/wp-json\/wp\/v2\/posts"}],"about":[{"href":"https:\/\/clusterhabitat.pt\/en\/wp-json\/wp\/v2\/types\/post"}],"author":[{"embeddable":true,"href":"https:\/\/clusterhabitat.pt\/en\/wp-json\/wp\/v2\/users\/4"}],"replies":[{"embeddable":true,"href":"https:\/\/clusterhabitat.pt\/en\/wp-json\/wp\/v2\/comments?post=7989"}],"version-history":[{"count":3,"href":"https:\/\/clusterhabitat.pt\/en\/wp-json\/wp\/v2\/posts\/7989\/revisions"}],"predecessor-version":[{"id":8282,"href":"https:\/\/clusterhabitat.pt\/en\/wp-json\/wp\/v2\/posts\/7989\/revisions\/8282"}],"wp:featuredmedia":[{"embeddable":true,"href":"https:\/\/clusterhabitat.pt\/en\/wp-json\/wp\/v2\/media\/7979"}],"wp:attachment":[{"href":"https:\/\/clusterhabitat.pt\/en\/wp-json\/wp\/v2\/media?parent=7989"}],"wp:term":[{"taxonomy":"category","embeddable":true,"href":"https:\/\/clusterhabitat.pt\/en\/wp-json\/wp\/v2\/categories?post=7989"},{"taxonomy":"post_tag","embeddable":true,"href":"https:\/\/clusterhabitat.pt\/en\/wp-json\/wp\/v2\/tags?post=7989"}],"curies":[{"name":"wp","href":"https:\/\/api.w.org\/{rel}","templated":true}]}}