{"id":8148,"date":"2019-10-15T08:40:02","date_gmt":"2019-10-15T08:40:02","guid":{"rendered":"https:\/\/clusterhabitat.pt\/cluster-habitat-sustentavel-at-techdays-2019\/"},"modified":"2024-07-29T10:20:52","modified_gmt":"2024-07-29T10:20:52","slug":"cluster-habitat-sustentavel-at-techdays-2019","status":"publish","type":"post","link":"https:\/\/clusterhabitat.pt\/en\/cluster-habitat-sustentavel-at-techdays-2019\/","title":{"rendered":"Cluster Habitat Sustent\u00e1vel at Techdays 2019"},"content":{"rendered":"<p>[vc_row][vc_column][vc_column_text]<\/p>\n<h5><strong>RD Space<\/strong> &#8211; <strong>Ideas for the Future<\/strong><\/h5>\n<p>&nbsp;<\/p>\n<p>From October 10th to 12th, at Aveiro Fair and Exhibition Park, the Sustainable Habitat Cluster presented in its stand some innovative and sustainable solutions that its associates, RD centers such as <strong><a href=\"https:\/\/centrohabitat.us3.list-manage.com\/track\/click?u=ce2ce0cf195c0a6219bab0ba0&amp;id=0ffac5e9b0&amp;e=78d3f1a519\" target=\"_blank\" rel=\"noopener\">CeNTI<\/a><\/strong>, <strong><a href=\"https:\/\/centrohabitat.us3.list-manage.com\/track\/click?u=ce2ce0cf195c0a6219bab0ba0&amp;id=2abf021397&amp;e=78d3f1a519\" target=\"_blank\" rel=\"noopener\">CTCV<\/a><\/strong>, <strong><a href=\"https:\/\/centrohabitat.us3.list-manage.com\/track\/click?u=ce2ce0cf195c0a6219bab0ba0&amp;id=4d2e59d2f9&amp;e=78d3f1a519\" target=\"_blank\" rel=\"noopener\">CVR<\/a><\/strong>, <strong><a href=\"https:\/\/centrohabitat.us3.list-manage.com\/track\/click?u=ce2ce0cf195c0a6219bab0ba0&amp;id=a1d0be2377&amp;e=78d3f1a519\" target=\"_blank\" rel=\"noopener\">IPN<\/a><\/strong>, <strong><a href=\"https:\/\/centrohabitat.us3.list-manage.com\/track\/click?u=ce2ce0cf195c0a6219bab0ba0&amp;id=219028180f&amp;e=78d3f1a519\" target=\"_blank\" rel=\"noopener\">ITeCons<\/a><\/strong> and <strong><a href=\"https:\/\/centrohabitat.us3.list-manage.com\/track\/click?u=ce2ce0cf195c0a6219bab0ba0&amp;id=9f4df3ec77&amp;e=78d3f1a519\" target=\"_blank\" rel=\"noopener\">Universidade de Aveiro<\/a><\/strong> are developing in partnership with several companies.<\/p>\n<p>&nbsp;<\/p>\n<p>[\/vc_column_text][vc_media_grid element_width=&#8221;6&#8243; gap=&#8221;15&#8243; grid_id=&#8221;vc_gid:1722248417016-c6b15c03-07f1-8&#8243; include=&#8221;8107,8109,8111,8113&#8243;][vc_column_text]<\/p>\n<h5><strong>Cluster Habitat Sustent\u00e1vel associates at Techdays 2019<\/strong><\/h5>\n<p>&nbsp;<\/p>\n<p>Some associates of Cluster Habitat Sustent\u00e1vel attended the Techdays Aveiro 2019, innovation and technology forum, so we highlight their participation here. The Cluster associates present were <strong><a href=\"https:\/\/centrohabitat.us3.list-manage.com\/track\/click?u=ce2ce0cf195c0a6219bab0ba0&amp;id=8765cc52fb&amp;e=78d3f1a519\" target=\"_blank\" rel=\"noopener\">AREADOBRAS<\/a><\/strong>, <strong><a href=\"https:\/\/centrohabitat.us3.list-manage.com\/track\/click?u=ce2ce0cf195c0a6219bab0ba0&amp;id=33e137eb76&amp;e=78d3f1a519\" target=\"_blank\" rel=\"noopener\">CITEVE<\/a><\/strong>, <strong><a href=\"https:\/\/centrohabitat.us3.list-manage.com\/track\/click?u=ce2ce0cf195c0a6219bab0ba0&amp;id=d2484be93a&amp;e=78d3f1a519\" target=\"_blank\" rel=\"noopener\">CTCV<\/a><\/strong>, <strong><a href=\"https:\/\/centrohabitat.us3.list-manage.com\/track\/click?u=ce2ce0cf195c0a6219bab0ba0&amp;id=9a973db824&amp;e=78d3f1a519\" target=\"_blank\" rel=\"noopener\">IPN<\/a><\/strong>, <strong><a href=\"https:\/\/centrohabitat.us3.list-manage.com\/track\/click?u=ce2ce0cf195c0a6219bab0ba0&amp;id=26894e07b5&amp;e=78d3f1a519\" target=\"_blank\" rel=\"noopener\">OLI<\/a><\/strong> and <strong><a href=\"https:\/\/centrohabitat.us3.list-manage.com\/track\/click?u=ce2ce0cf195c0a6219bab0ba0&amp;id=12b0b72ede&amp;e=78d3f1a519\" target=\"_blank\" rel=\"noopener\">Universidade de Aveiro<\/a><\/strong>.<\/p>\n<p>&nbsp;<\/p>\n<p>[\/vc_column_text][vc_media_grid gap=&#8221;15&#8243; grid_id=&#8221;vc_gid:1722248417017-74e8cce1-97dd-3&#8243; include=&#8221;8115,8117,8119,8121,8123,8125&#8243;][vc_column_text]<\/p>\n<h5><strong>Techdays B2B Meetings 2019<\/strong><\/h5>\n<p>&nbsp;<\/p>\n<p>On October 11th, Cluster Habitat Sustent\u00e1vel, in partnership with the Municipality of Aveiro, organized another edition of B2B Meetings at the Techdays! At these meetings participants had the opportunity to exchange ideas, present initiatives, solutions and services, as well as find the right partners for their goals.<\/p>\n<p>&nbsp;<\/p>\n<p>[\/vc_column_text][vc_media_grid element_width=&#8221;6&#8243; gap=&#8221;15&#8243; grid_id=&#8221;vc_gid:1722248417018-805b37df-0d1a-9&#8243; include=&#8221;8127,8129,8131,8133&#8243;][vc_column_text]<\/p>\n<h5><strong>Industry Digital Transformation Session<\/strong><\/h5>\n<p>&nbsp;<\/p>\n<p>Also on October 11 was held a session on &#8220;Digital Transformation of Industry&#8221;. In this session, Jos\u00e9 \u00c1vila de Sousa of the Preceram Group was one of the invited speakers, as suggested by Cluster Habitat Sustent\u00e1vel. Along with other experts on this panel, the emergence and impact of digital transformation on business and enterprises were the themes discussed.<\/p>\n<p>&nbsp;<\/p>\n<p>[\/vc_column_text][vc_media_grid element_width=&#8221;6&#8243; gap=&#8221;15&#8243; grid_id=&#8221;vc_gid:1722248417018-0cf79eb3-9b27-5&#8243; include=&#8221;8135,8137&#8243;][vc_column_text]<\/p>\n<h5 class=\"rtejustify\"><strong>TransSMART Workshop \u201cSustainable Buildings and Cities\u201d<\/strong><\/h5>\n<p>&nbsp;<\/p>\n<p class=\"rtejustify\">On October 11, a meeting of the Cluster Working Groups took place, which included a Workshop with the TransSMART project under the theme &#8220;Sustainable Buildings and Cities&#8221;.<\/p>\n<p>&nbsp;<\/p>\n<p>[\/vc_column_text][vc_media_grid gap=&#8221;15&#8243; grid_id=&#8221;vc_gid:1722248417019-6a6bf495-2baa-1&#8243; include=&#8221;8139,8141,8143&#8243;][vc_column_text]<\/p>\n<p class=\"rtejustify\"><strong>Watch the video summary of the participation of Cluster Habitat Sustent\u00e1vel at Techdays 2019 <\/strong><a href=\"https:\/\/youtu.be\/3P0fMufRGgs\" target=\"_blank\" rel=\"noopener\"><strong>HERE<\/strong><\/a><strong>!<\/strong><\/p>\n<p>[\/vc_column_text][\/vc_column][\/vc_row]<\/p>\n","protected":false},"excerpt":{"rendered":"<p>Find out about our time at Techdays 2019.<\/p>\n","protected":false},"author":4,"featured_media":8130,"comment_status":"closed","ping_status":"closed","sticky":false,"template":"","format":"standard","meta":{"_monsterinsights_skip_tracking":false,"_monsterinsights_sitenote_active":false,"_monsterinsights_sitenote_note":"","_monsterinsights_sitenote_category":0,"footnotes":""},"categories":[63],"tags":[],"class_list":["post-8148","post","type-post","status-publish","format-standard","has-post-thumbnail","hentry","category-noticias"],"yoast_head":"<!-- This site is optimized with the Yoast SEO plugin v27.5 - https:\/\/yoast.com\/product\/yoast-seo-wordpress\/ -->\n<title>Cluster Habitat Sustent\u00e1vel at Techdays 2019 - Cluster Habitat Sustent\u00e1vel<\/title>\n<meta name=\"description\" content=\"Cluster Habitat Sustent\u00e1vel at Techdays 2019 Know more here.\" \/>\n<meta name=\"robots\" content=\"index, follow, max-snippet:-1, max-image-preview:large, max-video-preview:-1\" \/>\n<link rel=\"canonical\" href=\"https:\/\/clusterhabitat.pt\/en\/cluster-habitat-sustentavel-at-techdays-2019\/\" \/>\n<meta property=\"og:locale\" content=\"en_US\" \/>\n<meta property=\"og:type\" content=\"article\" \/>\n<meta property=\"og:title\" content=\"Cluster Habitat Sustent\u00e1vel at Techdays 2019 - Cluster Habitat Sustent\u00e1vel\" \/>\n<meta property=\"og:description\" content=\"Cluster Habitat Sustent\u00e1vel at Techdays 2019 Know more here.\" \/>\n<meta property=\"og:url\" content=\"https:\/\/clusterhabitat.pt\/en\/cluster-habitat-sustentavel-at-techdays-2019\/\" \/>\n<meta property=\"og:site_name\" content=\"Cluster Habitat Sustent\u00e1vel\" \/>\n<meta property=\"article:publisher\" content=\"https:\/\/www.facebook.com\/clusterhabitat\" \/>\n<meta property=\"article:published_time\" content=\"2019-10-15T08:40:02+00:00\" \/>\n<meta property=\"article:modified_time\" content=\"2024-07-29T10:20:52+00:00\" \/>\n<meta property=\"og:image\" content=\"https:\/\/clusterhabitat.pt\/wp-content\/uploads\/2019\/10\/11102019-IMG_3438-scaled.jpg\" \/>\n\t<meta property=\"og:image:width\" content=\"2560\" \/>\n\t<meta property=\"og:image:height\" content=\"1707\" \/>\n\t<meta property=\"og:image:type\" content=\"image\/jpeg\" \/>\n<meta name=\"author\" content=\"Dep. T\u00e9cnico\" \/>\n<meta name=\"twitter:card\" content=\"summary_large_image\" \/>\n<meta name=\"twitter:creator\" content=\"@ClusterHabitat\" \/>\n<meta name=\"twitter:site\" content=\"@ClusterHabitat\" \/>\n<meta name=\"twitter:label1\" content=\"Written by\" \/>\n\t<meta name=\"twitter:data1\" content=\"Dep. T\u00e9cnico\" \/>\n\t<meta name=\"twitter:label2\" content=\"Est. reading time\" \/>\n\t<meta name=\"twitter:data2\" content=\"6 minutes\" \/>\n<script type=\"application\/ld+json\" class=\"yoast-schema-graph\">{\"@context\":\"https:\\\/\\\/schema.org\",\"@graph\":[{\"@type\":\"Article\",\"@id\":\"https:\\\/\\\/clusterhabitat.pt\\\/en\\\/cluster-habitat-sustentavel-at-techdays-2019\\\/#article\",\"isPartOf\":{\"@id\":\"https:\\\/\\\/clusterhabitat.pt\\\/en\\\/cluster-habitat-sustentavel-at-techdays-2019\\\/\"},\"author\":{\"name\":\"Dep. T\u00e9cnico\",\"@id\":\"https:\\\/\\\/clusterhabitat.pt\\\/#\\\/schema\\\/person\\\/cbf1c9d1fa2a0532efb35af2fa1796cd\"},\"headline\":\"Cluster Habitat Sustent\u00e1vel at Techdays 2019\",\"datePublished\":\"2019-10-15T08:40:02+00:00\",\"dateModified\":\"2024-07-29T10:20:52+00:00\",\"mainEntityOfPage\":{\"@id\":\"https:\\\/\\\/clusterhabitat.pt\\\/en\\\/cluster-habitat-sustentavel-at-techdays-2019\\\/\"},\"wordCount\":396,\"publisher\":{\"@id\":\"https:\\\/\\\/clusterhabitat.pt\\\/#organization\"},\"image\":{\"@id\":\"https:\\\/\\\/clusterhabitat.pt\\\/en\\\/cluster-habitat-sustentavel-at-techdays-2019\\\/#primaryimage\"},\"thumbnailUrl\":\"https:\\\/\\\/clusterhabitat.pt\\\/wp-content\\\/uploads\\\/2019\\\/10\\\/11102019-IMG_3438-scaled.jpg\",\"articleSection\":[\"News\"],\"inLanguage\":\"en-US\"},{\"@type\":\"WebPage\",\"@id\":\"https:\\\/\\\/clusterhabitat.pt\\\/en\\\/cluster-habitat-sustentavel-at-techdays-2019\\\/\",\"url\":\"https:\\\/\\\/clusterhabitat.pt\\\/en\\\/cluster-habitat-sustentavel-at-techdays-2019\\\/\",\"name\":\"Cluster Habitat Sustent\u00e1vel at Techdays 2019 - Cluster Habitat Sustent\u00e1vel\",\"isPartOf\":{\"@id\":\"https:\\\/\\\/clusterhabitat.pt\\\/#website\"},\"primaryImageOfPage\":{\"@id\":\"https:\\\/\\\/clusterhabitat.pt\\\/en\\\/cluster-habitat-sustentavel-at-techdays-2019\\\/#primaryimage\"},\"image\":{\"@id\":\"https:\\\/\\\/clusterhabitat.pt\\\/en\\\/cluster-habitat-sustentavel-at-techdays-2019\\\/#primaryimage\"},\"thumbnailUrl\":\"https:\\\/\\\/clusterhabitat.pt\\\/wp-content\\\/uploads\\\/2019\\\/10\\\/11102019-IMG_3438-scaled.jpg\",\"datePublished\":\"2019-10-15T08:40:02+00:00\",\"dateModified\":\"2024-07-29T10:20:52+00:00\",\"description\":\"Cluster Habitat Sustent\u00e1vel at Techdays 2019 Know more here.\",\"breadcrumb\":{\"@id\":\"https:\\\/\\\/clusterhabitat.pt\\\/en\\\/cluster-habitat-sustentavel-at-techdays-2019\\\/#breadcrumb\"},\"inLanguage\":\"en-US\",\"potentialAction\":[{\"@type\":\"ReadAction\",\"target\":[\"https:\\\/\\\/clusterhabitat.pt\\\/en\\\/cluster-habitat-sustentavel-at-techdays-2019\\\/\"]}]},{\"@type\":\"ImageObject\",\"inLanguage\":\"en-US\",\"@id\":\"https:\\\/\\\/clusterhabitat.pt\\\/en\\\/cluster-habitat-sustentavel-at-techdays-2019\\\/#primaryimage\",\"url\":\"https:\\\/\\\/clusterhabitat.pt\\\/wp-content\\\/uploads\\\/2019\\\/10\\\/11102019-IMG_3438-scaled.jpg\",\"contentUrl\":\"https:\\\/\\\/clusterhabitat.pt\\\/wp-content\\\/uploads\\\/2019\\\/10\\\/11102019-IMG_3438-scaled.jpg\",\"width\":2560,\"height\":1707},{\"@type\":\"BreadcrumbList\",\"@id\":\"https:\\\/\\\/clusterhabitat.pt\\\/en\\\/cluster-habitat-sustentavel-at-techdays-2019\\\/#breadcrumb\",\"itemListElement\":[{\"@type\":\"ListItem\",\"position\":1,\"name\":\"In\u00edcio\",\"item\":\"https:\\\/\\\/clusterhabitat.pt\\\/en\\\/\"},{\"@type\":\"ListItem\",\"position\":2,\"name\":\"Cluster Habitat Sustent\u00e1vel at Techdays 2019\"}]},{\"@type\":\"WebSite\",\"@id\":\"https:\\\/\\\/clusterhabitat.pt\\\/#website\",\"url\":\"https:\\\/\\\/clusterhabitat.pt\\\/\",\"name\":\"Cluster Habitat Sustent\u00e1vel\",\"description\":\"\",\"publisher\":{\"@id\":\"https:\\\/\\\/clusterhabitat.pt\\\/#organization\"},\"potentialAction\":[{\"@type\":\"SearchAction\",\"target\":{\"@type\":\"EntryPoint\",\"urlTemplate\":\"https:\\\/\\\/clusterhabitat.pt\\\/?s={search_term_string}\"},\"query-input\":{\"@type\":\"PropertyValueSpecification\",\"valueRequired\":true,\"valueName\":\"search_term_string\"}}],\"inLanguage\":\"en-US\"},{\"@type\":\"Organization\",\"@id\":\"https:\\\/\\\/clusterhabitat.pt\\\/#organization\",\"name\":\"Cluster Habitat Sustent\u00e1vel\",\"url\":\"https:\\\/\\\/clusterhabitat.pt\\\/\",\"logo\":{\"@type\":\"ImageObject\",\"inLanguage\":\"en-US\",\"@id\":\"https:\\\/\\\/clusterhabitat.pt\\\/#\\\/schema\\\/logo\\\/image\\\/\",\"url\":\"https:\\\/\\\/clusterhabitat.pt\\\/wp-content\\\/uploads\\\/2024\\\/01\\\/cropped-Cluster-Logo.png\",\"contentUrl\":\"https:\\\/\\\/clusterhabitat.pt\\\/wp-content\\\/uploads\\\/2024\\\/01\\\/cropped-Cluster-Logo.png\",\"width\":203,\"height\":40,\"caption\":\"Cluster Habitat Sustent\u00e1vel\"},\"image\":{\"@id\":\"https:\\\/\\\/clusterhabitat.pt\\\/#\\\/schema\\\/logo\\\/image\\\/\"},\"sameAs\":[\"https:\\\/\\\/www.facebook.com\\\/clusterhabitat\",\"https:\\\/\\\/x.com\\\/ClusterHabitat\",\"https:\\\/\\\/www.linkedin.com\\\/company\\\/associao-plataforma-para-a-construo-sustentvel\\\/\"]},{\"@type\":\"Person\",\"@id\":\"https:\\\/\\\/clusterhabitat.pt\\\/#\\\/schema\\\/person\\\/cbf1c9d1fa2a0532efb35af2fa1796cd\",\"name\":\"Dep. T\u00e9cnico\",\"image\":{\"@type\":\"ImageObject\",\"inLanguage\":\"en-US\",\"@id\":\"https:\\\/\\\/clusterhabitat.pt\\\/wp-content\\\/litespeed\\\/avatar\\\/c919d1d4cd45951b510dc414a77e01c1.jpg?ver=1777433525\",\"url\":\"https:\\\/\\\/clusterhabitat.pt\\\/wp-content\\\/litespeed\\\/avatar\\\/c919d1d4cd45951b510dc414a77e01c1.jpg?ver=1777433525\",\"contentUrl\":\"https:\\\/\\\/clusterhabitat.pt\\\/wp-content\\\/litespeed\\\/avatar\\\/c919d1d4cd45951b510dc414a77e01c1.jpg?ver=1777433525\",\"caption\":\"Dep. T\u00e9cnico\"},\"url\":\"https:\\\/\\\/clusterhabitat.pt\\\/en\\\/author\\\/deptecnico\\\/\"}]}<\/script>\n<!-- \/ Yoast SEO plugin. -->","yoast_head_json":{"title":"Cluster Habitat Sustent\u00e1vel at Techdays 2019 - Cluster Habitat Sustent\u00e1vel","description":"Cluster Habitat Sustent\u00e1vel at Techdays 2019 Know more here.","robots":{"index":"index","follow":"follow","max-snippet":"max-snippet:-1","max-image-preview":"max-image-preview:large","max-video-preview":"max-video-preview:-1"},"canonical":"https:\/\/clusterhabitat.pt\/en\/cluster-habitat-sustentavel-at-techdays-2019\/","og_locale":"en_US","og_type":"article","og_title":"Cluster Habitat Sustent\u00e1vel at Techdays 2019 - Cluster Habitat Sustent\u00e1vel","og_description":"Cluster Habitat Sustent\u00e1vel at Techdays 2019 Know more here.","og_url":"https:\/\/clusterhabitat.pt\/en\/cluster-habitat-sustentavel-at-techdays-2019\/","og_site_name":"Cluster Habitat Sustent\u00e1vel","article_publisher":"https:\/\/www.facebook.com\/clusterhabitat","article_published_time":"2019-10-15T08:40:02+00:00","article_modified_time":"2024-07-29T10:20:52+00:00","og_image":[{"width":2560,"height":1707,"url":"https:\/\/clusterhabitat.pt\/wp-content\/uploads\/2019\/10\/11102019-IMG_3438-scaled.jpg","type":"image\/jpeg"}],"author":"Dep. T\u00e9cnico","twitter_card":"summary_large_image","twitter_creator":"@ClusterHabitat","twitter_site":"@ClusterHabitat","twitter_misc":{"Written by":"Dep. T\u00e9cnico","Est. reading time":"6 minutes"},"schema":{"@context":"https:\/\/schema.org","@graph":[{"@type":"Article","@id":"https:\/\/clusterhabitat.pt\/en\/cluster-habitat-sustentavel-at-techdays-2019\/#article","isPartOf":{"@id":"https:\/\/clusterhabitat.pt\/en\/cluster-habitat-sustentavel-at-techdays-2019\/"},"author":{"name":"Dep. T\u00e9cnico","@id":"https:\/\/clusterhabitat.pt\/#\/schema\/person\/cbf1c9d1fa2a0532efb35af2fa1796cd"},"headline":"Cluster Habitat Sustent\u00e1vel at Techdays 2019","datePublished":"2019-10-15T08:40:02+00:00","dateModified":"2024-07-29T10:20:52+00:00","mainEntityOfPage":{"@id":"https:\/\/clusterhabitat.pt\/en\/cluster-habitat-sustentavel-at-techdays-2019\/"},"wordCount":396,"publisher":{"@id":"https:\/\/clusterhabitat.pt\/#organization"},"image":{"@id":"https:\/\/clusterhabitat.pt\/en\/cluster-habitat-sustentavel-at-techdays-2019\/#primaryimage"},"thumbnailUrl":"https:\/\/clusterhabitat.pt\/wp-content\/uploads\/2019\/10\/11102019-IMG_3438-scaled.jpg","articleSection":["News"],"inLanguage":"en-US"},{"@type":"WebPage","@id":"https:\/\/clusterhabitat.pt\/en\/cluster-habitat-sustentavel-at-techdays-2019\/","url":"https:\/\/clusterhabitat.pt\/en\/cluster-habitat-sustentavel-at-techdays-2019\/","name":"Cluster Habitat Sustent\u00e1vel at Techdays 2019 - Cluster Habitat Sustent\u00e1vel","isPartOf":{"@id":"https:\/\/clusterhabitat.pt\/#website"},"primaryImageOfPage":{"@id":"https:\/\/clusterhabitat.pt\/en\/cluster-habitat-sustentavel-at-techdays-2019\/#primaryimage"},"image":{"@id":"https:\/\/clusterhabitat.pt\/en\/cluster-habitat-sustentavel-at-techdays-2019\/#primaryimage"},"thumbnailUrl":"https:\/\/clusterhabitat.pt\/wp-content\/uploads\/2019\/10\/11102019-IMG_3438-scaled.jpg","datePublished":"2019-10-15T08:40:02+00:00","dateModified":"2024-07-29T10:20:52+00:00","description":"Cluster Habitat Sustent\u00e1vel at Techdays 2019 Know more here.","breadcrumb":{"@id":"https:\/\/clusterhabitat.pt\/en\/cluster-habitat-sustentavel-at-techdays-2019\/#breadcrumb"},"inLanguage":"en-US","potentialAction":[{"@type":"ReadAction","target":["https:\/\/clusterhabitat.pt\/en\/cluster-habitat-sustentavel-at-techdays-2019\/"]}]},{"@type":"ImageObject","inLanguage":"en-US","@id":"https:\/\/clusterhabitat.pt\/en\/cluster-habitat-sustentavel-at-techdays-2019\/#primaryimage","url":"https:\/\/clusterhabitat.pt\/wp-content\/uploads\/2019\/10\/11102019-IMG_3438-scaled.jpg","contentUrl":"https:\/\/clusterhabitat.pt\/wp-content\/uploads\/2019\/10\/11102019-IMG_3438-scaled.jpg","width":2560,"height":1707},{"@type":"BreadcrumbList","@id":"https:\/\/clusterhabitat.pt\/en\/cluster-habitat-sustentavel-at-techdays-2019\/#breadcrumb","itemListElement":[{"@type":"ListItem","position":1,"name":"In\u00edcio","item":"https:\/\/clusterhabitat.pt\/en\/"},{"@type":"ListItem","position":2,"name":"Cluster Habitat Sustent\u00e1vel at Techdays 2019"}]},{"@type":"WebSite","@id":"https:\/\/clusterhabitat.pt\/#website","url":"https:\/\/clusterhabitat.pt\/","name":"Cluster Habitat Sustent\u00e1vel","description":"","publisher":{"@id":"https:\/\/clusterhabitat.pt\/#organization"},"potentialAction":[{"@type":"SearchAction","target":{"@type":"EntryPoint","urlTemplate":"https:\/\/clusterhabitat.pt\/?s={search_term_string}"},"query-input":{"@type":"PropertyValueSpecification","valueRequired":true,"valueName":"search_term_string"}}],"inLanguage":"en-US"},{"@type":"Organization","@id":"https:\/\/clusterhabitat.pt\/#organization","name":"Cluster Habitat Sustent\u00e1vel","url":"https:\/\/clusterhabitat.pt\/","logo":{"@type":"ImageObject","inLanguage":"en-US","@id":"https:\/\/clusterhabitat.pt\/#\/schema\/logo\/image\/","url":"https:\/\/clusterhabitat.pt\/wp-content\/uploads\/2024\/01\/cropped-Cluster-Logo.png","contentUrl":"https:\/\/clusterhabitat.pt\/wp-content\/uploads\/2024\/01\/cropped-Cluster-Logo.png","width":203,"height":40,"caption":"Cluster Habitat Sustent\u00e1vel"},"image":{"@id":"https:\/\/clusterhabitat.pt\/#\/schema\/logo\/image\/"},"sameAs":["https:\/\/www.facebook.com\/clusterhabitat","https:\/\/x.com\/ClusterHabitat","https:\/\/www.linkedin.com\/company\/associao-plataforma-para-a-construo-sustentvel\/"]},{"@type":"Person","@id":"https:\/\/clusterhabitat.pt\/#\/schema\/person\/cbf1c9d1fa2a0532efb35af2fa1796cd","name":"Dep. T\u00e9cnico","image":{"@type":"ImageObject","inLanguage":"en-US","@id":"https:\/\/clusterhabitat.pt\/wp-content\/litespeed\/avatar\/c919d1d4cd45951b510dc414a77e01c1.jpg?ver=1777433525","url":"https:\/\/clusterhabitat.pt\/wp-content\/litespeed\/avatar\/c919d1d4cd45951b510dc414a77e01c1.jpg?ver=1777433525","contentUrl":"https:\/\/clusterhabitat.pt\/wp-content\/litespeed\/avatar\/c919d1d4cd45951b510dc414a77e01c1.jpg?ver=1777433525","caption":"Dep. T\u00e9cnico"},"url":"https:\/\/clusterhabitat.pt\/en\/author\/deptecnico\/"}]}},"_links":{"self":[{"href":"https:\/\/clusterhabitat.pt\/en\/wp-json\/wp\/v2\/posts\/8148","targetHints":{"allow":["GET"]}}],"collection":[{"href":"https:\/\/clusterhabitat.pt\/en\/wp-json\/wp\/v2\/posts"}],"about":[{"href":"https:\/\/clusterhabitat.pt\/en\/wp-json\/wp\/v2\/types\/post"}],"author":[{"embeddable":true,"href":"https:\/\/clusterhabitat.pt\/en\/wp-json\/wp\/v2\/users\/4"}],"replies":[{"embeddable":true,"href":"https:\/\/clusterhabitat.pt\/en\/wp-json\/wp\/v2\/comments?post=8148"}],"version-history":[{"count":5,"href":"https:\/\/clusterhabitat.pt\/en\/wp-json\/wp\/v2\/posts\/8148\/revisions"}],"predecessor-version":[{"id":8275,"href":"https:\/\/clusterhabitat.pt\/en\/wp-json\/wp\/v2\/posts\/8148\/revisions\/8275"}],"wp:featuredmedia":[{"embeddable":true,"href":"https:\/\/clusterhabitat.pt\/en\/wp-json\/wp\/v2\/media\/8130"}],"wp:attachment":[{"href":"https:\/\/clusterhabitat.pt\/en\/wp-json\/wp\/v2\/media?parent=8148"}],"wp:term":[{"taxonomy":"category","embeddable":true,"href":"https:\/\/clusterhabitat.pt\/en\/wp-json\/wp\/v2\/categories?post=8148"},{"taxonomy":"post_tag","embeddable":true,"href":"https:\/\/clusterhabitat.pt\/en\/wp-json\/wp\/v2\/tags?post=8148"}],"curies":[{"name":"wp","href":"https:\/\/api.w.org\/{rel}","templated":true}]}}