{"id":8217,"date":"2024-06-22T14:37:06","date_gmt":"2024-06-22T14:37:06","guid":{"rendered":"https:\/\/clusterhabitat.pt\/the-partners-of-the-degren-project-meet-in-caceres-for-their-3rd-coordination-meeting-2\/"},"modified":"2024-07-28T14:57:08","modified_gmt":"2024-07-28T14:57:08","slug":"the-partners-of-the-degren-project-meet-in-caceres-for-their-3rd-coordination-meeting-2","status":"publish","type":"post","link":"https:\/\/clusterhabitat.pt\/en\/the-partners-of-the-degren-project-meet-in-caceres-for-their-3rd-coordination-meeting-2\/","title":{"rendered":"The partners of the DEGREN+ Project meet in C\u00e1ceres for their 3rd Coordination Meeting"},"content":{"rendered":"<p>[vc_row][vc_column][vc_column_text]This meeting took stock of the work carried out and the results achieved in the project&#8217;s six activities, and also defined and planned the next steps.<\/p>\n<p>&nbsp;<\/p>\n<p>Prior to this meeting, the DEGREN+ partners also had the opportunity to take part in a guided tour of the city of C\u00e1ceres.<\/p>\n<p>&nbsp;<\/p>\n<p>Know more about this project <strong><a href=\"https:\/\/clusterhabitat.pt\/en\/projeto-ambiente-efi\/degren\/\">HERE<\/a><\/strong>.<\/p>\n<p>&nbsp;<\/p>\n<p>&nbsp;<\/p>\n<p>[\/vc_column_text][vc_media_grid element_width=&#8221;6&#8243; gap=&#8221;10&#8243; grid_id=&#8221;vc_gid:1722178597429-5ae80837-56e8-0&#8243; include=&#8221;8205,8207&#8243;][\/vc_column][\/vc_row]<\/p>\n","protected":false},"excerpt":{"rendered":"<p>On 20th June, the 3rd Coordination Meeting of the DEGREN+ Project, of which Cluster Habitat Sustent\u00e1vel is a partner, was held at INTROMAC&#8217;s premises in C\u00e1ceres (Spain). <\/p>\n","protected":false},"author":3,"featured_media":8206,"comment_status":"closed","ping_status":"closed","sticky":false,"template":"","format":"standard","meta":{"_monsterinsights_skip_tracking":false,"_monsterinsights_sitenote_active":false,"_monsterinsights_sitenote_note":"","_monsterinsights_sitenote_category":0,"footnotes":""},"categories":[63],"tags":[],"class_list":["post-8217","post","type-post","status-publish","format-standard","has-post-thumbnail","hentry","category-noticias"],"yoast_head":"<!-- This site is optimized with the Yoast SEO plugin v27.5 - https:\/\/yoast.com\/product\/yoast-seo-wordpress\/ -->\n<title>The partners of the DEGREN+ Project meet in C\u00e1ceres for their 3rd Coordination Meeting - Cluster Habitat Sustent\u00e1vel<\/title>\n<meta name=\"description\" content=\"The partners of the DEGREN+ Project meet in C\u00e1ceres for their 3rd Coordination Meeting\" \/>\n<meta name=\"robots\" content=\"index, follow, max-snippet:-1, max-image-preview:large, max-video-preview:-1\" \/>\n<link rel=\"canonical\" href=\"https:\/\/clusterhabitat.pt\/en\/the-partners-of-the-degren-project-meet-in-caceres-for-their-3rd-coordination-meeting-2\/\" \/>\n<meta property=\"og:locale\" content=\"en_US\" \/>\n<meta property=\"og:type\" content=\"article\" \/>\n<meta property=\"og:title\" content=\"The partners of the DEGREN+ Project meet in C\u00e1ceres for their 3rd Coordination Meeting - Cluster Habitat Sustent\u00e1vel\" \/>\n<meta property=\"og:description\" content=\"The partners of the DEGREN+ Project meet in C\u00e1ceres for their 3rd Coordination Meeting\" \/>\n<meta property=\"og:url\" content=\"https:\/\/clusterhabitat.pt\/en\/the-partners-of-the-degren-project-meet-in-caceres-for-their-3rd-coordination-meeting-2\/\" \/>\n<meta property=\"og:site_name\" content=\"Cluster Habitat Sustent\u00e1vel\" \/>\n<meta property=\"article:publisher\" content=\"https:\/\/www.facebook.com\/clusterhabitat\" \/>\n<meta property=\"article:published_time\" content=\"2024-06-22T14:37:06+00:00\" \/>\n<meta property=\"article:modified_time\" content=\"2024-07-28T14:57:08+00:00\" \/>\n<meta property=\"og:image\" content=\"https:\/\/clusterhabitat.pt\/wp-content\/uploads\/2024\/07\/thumbnail_20240620_140840-1.png\" \/>\n\t<meta property=\"og:image:width\" content=\"1432\" \/>\n\t<meta property=\"og:image:height\" content=\"831\" \/>\n\t<meta property=\"og:image:type\" content=\"image\/png\" \/>\n<meta name=\"author\" content=\"Marketing\" \/>\n<meta name=\"twitter:card\" content=\"summary_large_image\" \/>\n<meta name=\"twitter:creator\" content=\"@ClusterHabitat\" \/>\n<meta name=\"twitter:site\" content=\"@ClusterHabitat\" \/>\n<meta name=\"twitter:label1\" content=\"Written by\" \/>\n\t<meta name=\"twitter:data1\" content=\"Marketing\" \/>\n\t<meta name=\"twitter:label2\" content=\"Est. reading time\" \/>\n\t<meta name=\"twitter:data2\" content=\"1 minute\" \/>\n<script type=\"application\/ld+json\" class=\"yoast-schema-graph\">{\"@context\":\"https:\\\/\\\/schema.org\",\"@graph\":[{\"@type\":\"Article\",\"@id\":\"https:\\\/\\\/clusterhabitat.pt\\\/en\\\/the-partners-of-the-degren-project-meet-in-caceres-for-their-3rd-coordination-meeting-2\\\/#article\",\"isPartOf\":{\"@id\":\"https:\\\/\\\/clusterhabitat.pt\\\/en\\\/the-partners-of-the-degren-project-meet-in-caceres-for-their-3rd-coordination-meeting-2\\\/\"},\"author\":{\"name\":\"Marketing\",\"@id\":\"https:\\\/\\\/clusterhabitat.pt\\\/#\\\/schema\\\/person\\\/5e5eae6b6d2feef1be163561675d9316\"},\"headline\":\"The partners of the DEGREN+ Project meet in C\u00e1ceres for their 3rd Coordination Meeting\",\"datePublished\":\"2024-06-22T14:37:06+00:00\",\"dateModified\":\"2024-07-28T14:57:08+00:00\",\"mainEntityOfPage\":{\"@id\":\"https:\\\/\\\/clusterhabitat.pt\\\/en\\\/the-partners-of-the-degren-project-meet-in-caceres-for-their-3rd-coordination-meeting-2\\\/\"},\"wordCount\":106,\"publisher\":{\"@id\":\"https:\\\/\\\/clusterhabitat.pt\\\/#organization\"},\"image\":{\"@id\":\"https:\\\/\\\/clusterhabitat.pt\\\/en\\\/the-partners-of-the-degren-project-meet-in-caceres-for-their-3rd-coordination-meeting-2\\\/#primaryimage\"},\"thumbnailUrl\":\"https:\\\/\\\/clusterhabitat.pt\\\/wp-content\\\/uploads\\\/2024\\\/07\\\/thumbnail_20240620_140840-1.png\",\"articleSection\":[\"News\"],\"inLanguage\":\"en-US\"},{\"@type\":\"WebPage\",\"@id\":\"https:\\\/\\\/clusterhabitat.pt\\\/en\\\/the-partners-of-the-degren-project-meet-in-caceres-for-their-3rd-coordination-meeting-2\\\/\",\"url\":\"https:\\\/\\\/clusterhabitat.pt\\\/en\\\/the-partners-of-the-degren-project-meet-in-caceres-for-their-3rd-coordination-meeting-2\\\/\",\"name\":\"The partners of the DEGREN+ Project meet in C\u00e1ceres for their 3rd Coordination Meeting - Cluster Habitat Sustent\u00e1vel\",\"isPartOf\":{\"@id\":\"https:\\\/\\\/clusterhabitat.pt\\\/#website\"},\"primaryImageOfPage\":{\"@id\":\"https:\\\/\\\/clusterhabitat.pt\\\/en\\\/the-partners-of-the-degren-project-meet-in-caceres-for-their-3rd-coordination-meeting-2\\\/#primaryimage\"},\"image\":{\"@id\":\"https:\\\/\\\/clusterhabitat.pt\\\/en\\\/the-partners-of-the-degren-project-meet-in-caceres-for-their-3rd-coordination-meeting-2\\\/#primaryimage\"},\"thumbnailUrl\":\"https:\\\/\\\/clusterhabitat.pt\\\/wp-content\\\/uploads\\\/2024\\\/07\\\/thumbnail_20240620_140840-1.png\",\"datePublished\":\"2024-06-22T14:37:06+00:00\",\"dateModified\":\"2024-07-28T14:57:08+00:00\",\"description\":\"The partners of the DEGREN+ Project meet in C\u00e1ceres for their 3rd Coordination Meeting\",\"breadcrumb\":{\"@id\":\"https:\\\/\\\/clusterhabitat.pt\\\/en\\\/the-partners-of-the-degren-project-meet-in-caceres-for-their-3rd-coordination-meeting-2\\\/#breadcrumb\"},\"inLanguage\":\"en-US\",\"potentialAction\":[{\"@type\":\"ReadAction\",\"target\":[\"https:\\\/\\\/clusterhabitat.pt\\\/en\\\/the-partners-of-the-degren-project-meet-in-caceres-for-their-3rd-coordination-meeting-2\\\/\"]}]},{\"@type\":\"ImageObject\",\"inLanguage\":\"en-US\",\"@id\":\"https:\\\/\\\/clusterhabitat.pt\\\/en\\\/the-partners-of-the-degren-project-meet-in-caceres-for-their-3rd-coordination-meeting-2\\\/#primaryimage\",\"url\":\"https:\\\/\\\/clusterhabitat.pt\\\/wp-content\\\/uploads\\\/2024\\\/07\\\/thumbnail_20240620_140840-1.png\",\"contentUrl\":\"https:\\\/\\\/clusterhabitat.pt\\\/wp-content\\\/uploads\\\/2024\\\/07\\\/thumbnail_20240620_140840-1.png\",\"width\":1432,\"height\":831},{\"@type\":\"BreadcrumbList\",\"@id\":\"https:\\\/\\\/clusterhabitat.pt\\\/en\\\/the-partners-of-the-degren-project-meet-in-caceres-for-their-3rd-coordination-meeting-2\\\/#breadcrumb\",\"itemListElement\":[{\"@type\":\"ListItem\",\"position\":1,\"name\":\"In\u00edcio\",\"item\":\"https:\\\/\\\/clusterhabitat.pt\\\/en\\\/\"},{\"@type\":\"ListItem\",\"position\":2,\"name\":\"The partners of the DEGREN+ Project meet in C\u00e1ceres for their 3rd Coordination Meeting\"}]},{\"@type\":\"WebSite\",\"@id\":\"https:\\\/\\\/clusterhabitat.pt\\\/#website\",\"url\":\"https:\\\/\\\/clusterhabitat.pt\\\/\",\"name\":\"Cluster Habitat Sustent\u00e1vel\",\"description\":\"\",\"publisher\":{\"@id\":\"https:\\\/\\\/clusterhabitat.pt\\\/#organization\"},\"potentialAction\":[{\"@type\":\"SearchAction\",\"target\":{\"@type\":\"EntryPoint\",\"urlTemplate\":\"https:\\\/\\\/clusterhabitat.pt\\\/?s={search_term_string}\"},\"query-input\":{\"@type\":\"PropertyValueSpecification\",\"valueRequired\":true,\"valueName\":\"search_term_string\"}}],\"inLanguage\":\"en-US\"},{\"@type\":\"Organization\",\"@id\":\"https:\\\/\\\/clusterhabitat.pt\\\/#organization\",\"name\":\"Cluster Habitat Sustent\u00e1vel\",\"url\":\"https:\\\/\\\/clusterhabitat.pt\\\/\",\"logo\":{\"@type\":\"ImageObject\",\"inLanguage\":\"en-US\",\"@id\":\"https:\\\/\\\/clusterhabitat.pt\\\/#\\\/schema\\\/logo\\\/image\\\/\",\"url\":\"https:\\\/\\\/clusterhabitat.pt\\\/wp-content\\\/uploads\\\/2024\\\/01\\\/cropped-Cluster-Logo.png\",\"contentUrl\":\"https:\\\/\\\/clusterhabitat.pt\\\/wp-content\\\/uploads\\\/2024\\\/01\\\/cropped-Cluster-Logo.png\",\"width\":203,\"height\":40,\"caption\":\"Cluster Habitat Sustent\u00e1vel\"},\"image\":{\"@id\":\"https:\\\/\\\/clusterhabitat.pt\\\/#\\\/schema\\\/logo\\\/image\\\/\"},\"sameAs\":[\"https:\\\/\\\/www.facebook.com\\\/clusterhabitat\",\"https:\\\/\\\/x.com\\\/ClusterHabitat\",\"https:\\\/\\\/www.linkedin.com\\\/company\\\/associao-plataforma-para-a-construo-sustentvel\\\/\"]},{\"@type\":\"Person\",\"@id\":\"https:\\\/\\\/clusterhabitat.pt\\\/#\\\/schema\\\/person\\\/5e5eae6b6d2feef1be163561675d9316\",\"name\":\"Marketing\",\"image\":{\"@type\":\"ImageObject\",\"inLanguage\":\"en-US\",\"@id\":\"https:\\\/\\\/clusterhabitat.pt\\\/wp-content\\\/litespeed\\\/avatar\\\/ba32b5ea3f9d75a03670176cf00cd944.jpg?ver=1777434486\",\"url\":\"https:\\\/\\\/clusterhabitat.pt\\\/wp-content\\\/litespeed\\\/avatar\\\/ba32b5ea3f9d75a03670176cf00cd944.jpg?ver=1777434486\",\"contentUrl\":\"https:\\\/\\\/clusterhabitat.pt\\\/wp-content\\\/litespeed\\\/avatar\\\/ba32b5ea3f9d75a03670176cf00cd944.jpg?ver=1777434486\",\"caption\":\"Marketing\"},\"url\":\"https:\\\/\\\/clusterhabitat.pt\\\/en\\\/author\\\/marketing\\\/\"}]}<\/script>\n<!-- \/ Yoast SEO plugin. -->","yoast_head_json":{"title":"The partners of the DEGREN+ Project meet in C\u00e1ceres for their 3rd Coordination Meeting - Cluster Habitat Sustent\u00e1vel","description":"The partners of the DEGREN+ Project meet in C\u00e1ceres for their 3rd Coordination Meeting","robots":{"index":"index","follow":"follow","max-snippet":"max-snippet:-1","max-image-preview":"max-image-preview:large","max-video-preview":"max-video-preview:-1"},"canonical":"https:\/\/clusterhabitat.pt\/en\/the-partners-of-the-degren-project-meet-in-caceres-for-their-3rd-coordination-meeting-2\/","og_locale":"en_US","og_type":"article","og_title":"The partners of the DEGREN+ Project meet in C\u00e1ceres for their 3rd Coordination Meeting - Cluster Habitat Sustent\u00e1vel","og_description":"The partners of the DEGREN+ Project meet in C\u00e1ceres for their 3rd Coordination Meeting","og_url":"https:\/\/clusterhabitat.pt\/en\/the-partners-of-the-degren-project-meet-in-caceres-for-their-3rd-coordination-meeting-2\/","og_site_name":"Cluster Habitat Sustent\u00e1vel","article_publisher":"https:\/\/www.facebook.com\/clusterhabitat","article_published_time":"2024-06-22T14:37:06+00:00","article_modified_time":"2024-07-28T14:57:08+00:00","og_image":[{"width":1432,"height":831,"url":"https:\/\/clusterhabitat.pt\/wp-content\/uploads\/2024\/07\/thumbnail_20240620_140840-1.png","type":"image\/png"}],"author":"Marketing","twitter_card":"summary_large_image","twitter_creator":"@ClusterHabitat","twitter_site":"@ClusterHabitat","twitter_misc":{"Written by":"Marketing","Est. reading time":"1 minute"},"schema":{"@context":"https:\/\/schema.org","@graph":[{"@type":"Article","@id":"https:\/\/clusterhabitat.pt\/en\/the-partners-of-the-degren-project-meet-in-caceres-for-their-3rd-coordination-meeting-2\/#article","isPartOf":{"@id":"https:\/\/clusterhabitat.pt\/en\/the-partners-of-the-degren-project-meet-in-caceres-for-their-3rd-coordination-meeting-2\/"},"author":{"name":"Marketing","@id":"https:\/\/clusterhabitat.pt\/#\/schema\/person\/5e5eae6b6d2feef1be163561675d9316"},"headline":"The partners of the DEGREN+ Project meet in C\u00e1ceres for their 3rd Coordination Meeting","datePublished":"2024-06-22T14:37:06+00:00","dateModified":"2024-07-28T14:57:08+00:00","mainEntityOfPage":{"@id":"https:\/\/clusterhabitat.pt\/en\/the-partners-of-the-degren-project-meet-in-caceres-for-their-3rd-coordination-meeting-2\/"},"wordCount":106,"publisher":{"@id":"https:\/\/clusterhabitat.pt\/#organization"},"image":{"@id":"https:\/\/clusterhabitat.pt\/en\/the-partners-of-the-degren-project-meet-in-caceres-for-their-3rd-coordination-meeting-2\/#primaryimage"},"thumbnailUrl":"https:\/\/clusterhabitat.pt\/wp-content\/uploads\/2024\/07\/thumbnail_20240620_140840-1.png","articleSection":["News"],"inLanguage":"en-US"},{"@type":"WebPage","@id":"https:\/\/clusterhabitat.pt\/en\/the-partners-of-the-degren-project-meet-in-caceres-for-their-3rd-coordination-meeting-2\/","url":"https:\/\/clusterhabitat.pt\/en\/the-partners-of-the-degren-project-meet-in-caceres-for-their-3rd-coordination-meeting-2\/","name":"The partners of the DEGREN+ Project meet in C\u00e1ceres for their 3rd Coordination Meeting - Cluster Habitat Sustent\u00e1vel","isPartOf":{"@id":"https:\/\/clusterhabitat.pt\/#website"},"primaryImageOfPage":{"@id":"https:\/\/clusterhabitat.pt\/en\/the-partners-of-the-degren-project-meet-in-caceres-for-their-3rd-coordination-meeting-2\/#primaryimage"},"image":{"@id":"https:\/\/clusterhabitat.pt\/en\/the-partners-of-the-degren-project-meet-in-caceres-for-their-3rd-coordination-meeting-2\/#primaryimage"},"thumbnailUrl":"https:\/\/clusterhabitat.pt\/wp-content\/uploads\/2024\/07\/thumbnail_20240620_140840-1.png","datePublished":"2024-06-22T14:37:06+00:00","dateModified":"2024-07-28T14:57:08+00:00","description":"The partners of the DEGREN+ Project meet in C\u00e1ceres for their 3rd Coordination Meeting","breadcrumb":{"@id":"https:\/\/clusterhabitat.pt\/en\/the-partners-of-the-degren-project-meet-in-caceres-for-their-3rd-coordination-meeting-2\/#breadcrumb"},"inLanguage":"en-US","potentialAction":[{"@type":"ReadAction","target":["https:\/\/clusterhabitat.pt\/en\/the-partners-of-the-degren-project-meet-in-caceres-for-their-3rd-coordination-meeting-2\/"]}]},{"@type":"ImageObject","inLanguage":"en-US","@id":"https:\/\/clusterhabitat.pt\/en\/the-partners-of-the-degren-project-meet-in-caceres-for-their-3rd-coordination-meeting-2\/#primaryimage","url":"https:\/\/clusterhabitat.pt\/wp-content\/uploads\/2024\/07\/thumbnail_20240620_140840-1.png","contentUrl":"https:\/\/clusterhabitat.pt\/wp-content\/uploads\/2024\/07\/thumbnail_20240620_140840-1.png","width":1432,"height":831},{"@type":"BreadcrumbList","@id":"https:\/\/clusterhabitat.pt\/en\/the-partners-of-the-degren-project-meet-in-caceres-for-their-3rd-coordination-meeting-2\/#breadcrumb","itemListElement":[{"@type":"ListItem","position":1,"name":"In\u00edcio","item":"https:\/\/clusterhabitat.pt\/en\/"},{"@type":"ListItem","position":2,"name":"The partners of the DEGREN+ Project meet in C\u00e1ceres for their 3rd Coordination Meeting"}]},{"@type":"WebSite","@id":"https:\/\/clusterhabitat.pt\/#website","url":"https:\/\/clusterhabitat.pt\/","name":"Cluster Habitat Sustent\u00e1vel","description":"","publisher":{"@id":"https:\/\/clusterhabitat.pt\/#organization"},"potentialAction":[{"@type":"SearchAction","target":{"@type":"EntryPoint","urlTemplate":"https:\/\/clusterhabitat.pt\/?s={search_term_string}"},"query-input":{"@type":"PropertyValueSpecification","valueRequired":true,"valueName":"search_term_string"}}],"inLanguage":"en-US"},{"@type":"Organization","@id":"https:\/\/clusterhabitat.pt\/#organization","name":"Cluster Habitat Sustent\u00e1vel","url":"https:\/\/clusterhabitat.pt\/","logo":{"@type":"ImageObject","inLanguage":"en-US","@id":"https:\/\/clusterhabitat.pt\/#\/schema\/logo\/image\/","url":"https:\/\/clusterhabitat.pt\/wp-content\/uploads\/2024\/01\/cropped-Cluster-Logo.png","contentUrl":"https:\/\/clusterhabitat.pt\/wp-content\/uploads\/2024\/01\/cropped-Cluster-Logo.png","width":203,"height":40,"caption":"Cluster Habitat Sustent\u00e1vel"},"image":{"@id":"https:\/\/clusterhabitat.pt\/#\/schema\/logo\/image\/"},"sameAs":["https:\/\/www.facebook.com\/clusterhabitat","https:\/\/x.com\/ClusterHabitat","https:\/\/www.linkedin.com\/company\/associao-plataforma-para-a-construo-sustentvel\/"]},{"@type":"Person","@id":"https:\/\/clusterhabitat.pt\/#\/schema\/person\/5e5eae6b6d2feef1be163561675d9316","name":"Marketing","image":{"@type":"ImageObject","inLanguage":"en-US","@id":"https:\/\/clusterhabitat.pt\/wp-content\/litespeed\/avatar\/ba32b5ea3f9d75a03670176cf00cd944.jpg?ver=1777434486","url":"https:\/\/clusterhabitat.pt\/wp-content\/litespeed\/avatar\/ba32b5ea3f9d75a03670176cf00cd944.jpg?ver=1777434486","contentUrl":"https:\/\/clusterhabitat.pt\/wp-content\/litespeed\/avatar\/ba32b5ea3f9d75a03670176cf00cd944.jpg?ver=1777434486","caption":"Marketing"},"url":"https:\/\/clusterhabitat.pt\/en\/author\/marketing\/"}]}},"_links":{"self":[{"href":"https:\/\/clusterhabitat.pt\/en\/wp-json\/wp\/v2\/posts\/8217","targetHints":{"allow":["GET"]}}],"collection":[{"href":"https:\/\/clusterhabitat.pt\/en\/wp-json\/wp\/v2\/posts"}],"about":[{"href":"https:\/\/clusterhabitat.pt\/en\/wp-json\/wp\/v2\/types\/post"}],"author":[{"embeddable":true,"href":"https:\/\/clusterhabitat.pt\/en\/wp-json\/wp\/v2\/users\/3"}],"replies":[{"embeddable":true,"href":"https:\/\/clusterhabitat.pt\/en\/wp-json\/wp\/v2\/comments?post=8217"}],"version-history":[{"count":3,"href":"https:\/\/clusterhabitat.pt\/en\/wp-json\/wp\/v2\/posts\/8217\/revisions"}],"predecessor-version":[{"id":8220,"href":"https:\/\/clusterhabitat.pt\/en\/wp-json\/wp\/v2\/posts\/8217\/revisions\/8220"}],"wp:featuredmedia":[{"embeddable":true,"href":"https:\/\/clusterhabitat.pt\/en\/wp-json\/wp\/v2\/media\/8206"}],"wp:attachment":[{"href":"https:\/\/clusterhabitat.pt\/en\/wp-json\/wp\/v2\/media?parent=8217"}],"wp:term":[{"taxonomy":"category","embeddable":true,"href":"https:\/\/clusterhabitat.pt\/en\/wp-json\/wp\/v2\/categories?post=8217"},{"taxonomy":"post_tag","embeddable":true,"href":"https:\/\/clusterhabitat.pt\/en\/wp-json\/wp\/v2\/tags?post=8217"}],"curies":[{"name":"wp","href":"https:\/\/api.w.org\/{rel}","templated":true}]}}