{"id":8253,"date":"2019-05-30T09:45:35","date_gmt":"2019-05-30T09:45:35","guid":{"rendered":"https:\/\/clusterhabitat.pt\/?p=8253"},"modified":"2024-07-29T10:06:59","modified_gmt":"2024-07-29T10:06:59","slug":"international-cooperation-actions-of-cluster-habitat-sustentavel-in-namur-belgium","status":"publish","type":"post","link":"https:\/\/clusterhabitat.pt\/en\/international-cooperation-actions-of-cluster-habitat-sustentavel-in-namur-belgium\/","title":{"rendered":"International Cooperation Actions of Cluster Habitat Sustent\u00e1vel in Namur, Belgium"},"content":{"rendered":"<p>[vc_row][vc_column][vc_column_text]<\/p>\n<p class=\"rtejustify\">On the side of Cluster Habitat Sustent\u00e1vel, <strong>Amorim Isolamentos<\/strong>\u00a0(CM Silva),\u00a0<strong>Saint-Gobain Weber<\/strong>\u00a0(V. Pereira), Signinum (L. Aguiar) and\u00a0<strong>Sopsec SA<\/strong>\u00a0(H. Sousa) presented projects and different solutions developed in the area of rehabilitation. After the interventions of the entities from both countries there was a space for networking between participants and speakers at the event.<\/p>\n<p>&nbsp;<\/p>\n<p class=\"rtejustify\">As part of this initiative, two study visits were also carried out to ongoing rehabilitation projects, which Cluster Habitat Sustent\u00e1vel and its members had the opportunity to get to know in detail. The first visit was to the <strong>La Cit\u00e9 du Centenaire<\/strong>\u00a0(Montignies-sur-Sambre, Charleroi), a set of social housing buildings designed by the Startech Management Group. The second visit was to the\u00a0<strong>Maison de la Culture<\/strong>\u00a0in Namur, a rehabilitation project of an old cultural center run by Thomas &amp; Piron.<\/p>\n<p>&nbsp;<\/p>\n<p class=\"rtejustify\">Cluster Habitat Sustent\u00e1vel and the CAP Construction Cluster are planning another intercluster cooperation action to be carried out in Portugal (Aveiro) in October 2019, in order to bring companies and other associated entities of the two clusters into contact.<\/p>\n<p>&nbsp;<\/p>\n<p>&nbsp;<\/p>\n<p>[\/vc_column_text][vc_media_grid element_width=&#8221;6&#8243; gap=&#8221;15&#8243; grid_id=&#8221;vc_gid:1722247589213-9b7c2a59-91f3-7&#8243; include=&#8221;8227,8229,8231,8233,8235,8239,8241,8243,8245,8247,8249,8251&#8243;][\/vc_column][\/vc_row]<\/p>\n","protected":false},"excerpt":{"rendered":"<p>A Workshop on &#8220;Sustainable Rehabilitation of Buildings in Urban Areas&#8221; was held on May 27 in Les Isnes, Namur, Belgium, in a joint organization between Cluster Habitat Sustent\u00e1vel (Portugal) and the CAP Construction Cluster (Belgium). This Workshop aimed at sharing experiences in this field and featured speakers from various Portuguese and Belgian entities.<\/p>\n","protected":false},"author":3,"featured_media":8251,"comment_status":"closed","ping_status":"closed","sticky":false,"template":"","format":"standard","meta":{"_monsterinsights_skip_tracking":false,"_monsterinsights_sitenote_active":false,"_monsterinsights_sitenote_note":"","_monsterinsights_sitenote_category":0,"footnotes":""},"categories":[63],"tags":[],"class_list":["post-8253","post","type-post","status-publish","format-standard","has-post-thumbnail","hentry","category-noticias"],"yoast_head":"<!-- This site is optimized with the Yoast SEO plugin v27.5 - https:\/\/yoast.com\/product\/yoast-seo-wordpress\/ -->\n<title>International Cooperation Actions of Cluster Habitat Sustent\u00e1vel in Namur, Belgium - Cluster Habitat Sustent\u00e1vel<\/title>\n<meta name=\"description\" content=\"International Cooperation Actions of Cluster Habitat Sustent\u00e1vel in Namur, Belgium\" \/>\n<meta name=\"robots\" content=\"index, follow, max-snippet:-1, max-image-preview:large, max-video-preview:-1\" \/>\n<link rel=\"canonical\" href=\"https:\/\/clusterhabitat.pt\/en\/international-cooperation-actions-of-cluster-habitat-sustentavel-in-namur-belgium\/\" \/>\n<meta property=\"og:locale\" content=\"en_US\" \/>\n<meta property=\"og:type\" content=\"article\" \/>\n<meta property=\"og:title\" content=\"International Cooperation Actions of Cluster Habitat Sustent\u00e1vel in Namur, Belgium - Cluster Habitat Sustent\u00e1vel\" \/>\n<meta property=\"og:description\" content=\"International Cooperation Actions of Cluster Habitat Sustent\u00e1vel in Namur, Belgium\" \/>\n<meta property=\"og:url\" content=\"https:\/\/clusterhabitat.pt\/en\/international-cooperation-actions-of-cluster-habitat-sustentavel-in-namur-belgium\/\" \/>\n<meta property=\"og:site_name\" content=\"Cluster Habitat Sustent\u00e1vel\" \/>\n<meta property=\"article:publisher\" content=\"https:\/\/www.facebook.com\/clusterhabitat\" \/>\n<meta property=\"article:published_time\" content=\"2019-05-30T09:45:35+00:00\" \/>\n<meta property=\"article:modified_time\" content=\"2024-07-29T10:06:59+00:00\" \/>\n<meta property=\"og:image\" content=\"https:\/\/clusterhabitat.pt\/wp-content\/uploads\/2019\/05\/Sem-marca-de-agua-22-scaled.jpg\" \/>\n\t<meta property=\"og:image:width\" content=\"2560\" \/>\n\t<meta property=\"og:image:height\" content=\"1440\" \/>\n\t<meta property=\"og:image:type\" content=\"image\/jpeg\" \/>\n<meta name=\"author\" content=\"Marketing\" \/>\n<meta name=\"twitter:card\" content=\"summary_large_image\" \/>\n<meta name=\"twitter:creator\" content=\"@ClusterHabitat\" \/>\n<meta name=\"twitter:site\" content=\"@ClusterHabitat\" \/>\n<meta name=\"twitter:label1\" content=\"Written by\" \/>\n\t<meta name=\"twitter:data1\" content=\"Marketing\" \/>\n\t<meta name=\"twitter:label2\" content=\"Est. reading time\" \/>\n\t<meta name=\"twitter:data2\" content=\"1 minute\" \/>\n<script type=\"application\/ld+json\" class=\"yoast-schema-graph\">{\"@context\":\"https:\\\/\\\/schema.org\",\"@graph\":[{\"@type\":\"Article\",\"@id\":\"https:\\\/\\\/clusterhabitat.pt\\\/en\\\/international-cooperation-actions-of-cluster-habitat-sustentavel-in-namur-belgium\\\/#article\",\"isPartOf\":{\"@id\":\"https:\\\/\\\/clusterhabitat.pt\\\/en\\\/international-cooperation-actions-of-cluster-habitat-sustentavel-in-namur-belgium\\\/\"},\"author\":{\"name\":\"Marketing\",\"@id\":\"https:\\\/\\\/clusterhabitat.pt\\\/#\\\/schema\\\/person\\\/5e5eae6b6d2feef1be163561675d9316\"},\"headline\":\"International Cooperation Actions of Cluster Habitat Sustent\u00e1vel in Namur, Belgium\",\"datePublished\":\"2019-05-30T09:45:35+00:00\",\"dateModified\":\"2024-07-29T10:06:59+00:00\",\"mainEntityOfPage\":{\"@id\":\"https:\\\/\\\/clusterhabitat.pt\\\/en\\\/international-cooperation-actions-of-cluster-habitat-sustentavel-in-namur-belgium\\\/\"},\"wordCount\":225,\"publisher\":{\"@id\":\"https:\\\/\\\/clusterhabitat.pt\\\/#organization\"},\"image\":{\"@id\":\"https:\\\/\\\/clusterhabitat.pt\\\/en\\\/international-cooperation-actions-of-cluster-habitat-sustentavel-in-namur-belgium\\\/#primaryimage\"},\"thumbnailUrl\":\"https:\\\/\\\/clusterhabitat.pt\\\/wp-content\\\/uploads\\\/2019\\\/05\\\/Sem-marca-de-agua-22-scaled.jpg\",\"articleSection\":[\"News\"],\"inLanguage\":\"en-US\"},{\"@type\":\"WebPage\",\"@id\":\"https:\\\/\\\/clusterhabitat.pt\\\/en\\\/international-cooperation-actions-of-cluster-habitat-sustentavel-in-namur-belgium\\\/\",\"url\":\"https:\\\/\\\/clusterhabitat.pt\\\/en\\\/international-cooperation-actions-of-cluster-habitat-sustentavel-in-namur-belgium\\\/\",\"name\":\"International Cooperation Actions of Cluster Habitat Sustent\u00e1vel in Namur, Belgium - Cluster Habitat Sustent\u00e1vel\",\"isPartOf\":{\"@id\":\"https:\\\/\\\/clusterhabitat.pt\\\/#website\"},\"primaryImageOfPage\":{\"@id\":\"https:\\\/\\\/clusterhabitat.pt\\\/en\\\/international-cooperation-actions-of-cluster-habitat-sustentavel-in-namur-belgium\\\/#primaryimage\"},\"image\":{\"@id\":\"https:\\\/\\\/clusterhabitat.pt\\\/en\\\/international-cooperation-actions-of-cluster-habitat-sustentavel-in-namur-belgium\\\/#primaryimage\"},\"thumbnailUrl\":\"https:\\\/\\\/clusterhabitat.pt\\\/wp-content\\\/uploads\\\/2019\\\/05\\\/Sem-marca-de-agua-22-scaled.jpg\",\"datePublished\":\"2019-05-30T09:45:35+00:00\",\"dateModified\":\"2024-07-29T10:06:59+00:00\",\"description\":\"International Cooperation Actions of Cluster Habitat Sustent\u00e1vel in Namur, Belgium\",\"breadcrumb\":{\"@id\":\"https:\\\/\\\/clusterhabitat.pt\\\/en\\\/international-cooperation-actions-of-cluster-habitat-sustentavel-in-namur-belgium\\\/#breadcrumb\"},\"inLanguage\":\"en-US\",\"potentialAction\":[{\"@type\":\"ReadAction\",\"target\":[\"https:\\\/\\\/clusterhabitat.pt\\\/en\\\/international-cooperation-actions-of-cluster-habitat-sustentavel-in-namur-belgium\\\/\"]}]},{\"@type\":\"ImageObject\",\"inLanguage\":\"en-US\",\"@id\":\"https:\\\/\\\/clusterhabitat.pt\\\/en\\\/international-cooperation-actions-of-cluster-habitat-sustentavel-in-namur-belgium\\\/#primaryimage\",\"url\":\"https:\\\/\\\/clusterhabitat.pt\\\/wp-content\\\/uploads\\\/2019\\\/05\\\/Sem-marca-de-agua-22-scaled.jpg\",\"contentUrl\":\"https:\\\/\\\/clusterhabitat.pt\\\/wp-content\\\/uploads\\\/2019\\\/05\\\/Sem-marca-de-agua-22-scaled.jpg\",\"width\":2560,\"height\":1440},{\"@type\":\"BreadcrumbList\",\"@id\":\"https:\\\/\\\/clusterhabitat.pt\\\/en\\\/international-cooperation-actions-of-cluster-habitat-sustentavel-in-namur-belgium\\\/#breadcrumb\",\"itemListElement\":[{\"@type\":\"ListItem\",\"position\":1,\"name\":\"In\u00edcio\",\"item\":\"https:\\\/\\\/clusterhabitat.pt\\\/en\\\/\"},{\"@type\":\"ListItem\",\"position\":2,\"name\":\"International Cooperation Actions of Cluster Habitat Sustent\u00e1vel in Namur, Belgium\"}]},{\"@type\":\"WebSite\",\"@id\":\"https:\\\/\\\/clusterhabitat.pt\\\/#website\",\"url\":\"https:\\\/\\\/clusterhabitat.pt\\\/\",\"name\":\"Cluster Habitat Sustent\u00e1vel\",\"description\":\"\",\"publisher\":{\"@id\":\"https:\\\/\\\/clusterhabitat.pt\\\/#organization\"},\"potentialAction\":[{\"@type\":\"SearchAction\",\"target\":{\"@type\":\"EntryPoint\",\"urlTemplate\":\"https:\\\/\\\/clusterhabitat.pt\\\/?s={search_term_string}\"},\"query-input\":{\"@type\":\"PropertyValueSpecification\",\"valueRequired\":true,\"valueName\":\"search_term_string\"}}],\"inLanguage\":\"en-US\"},{\"@type\":\"Organization\",\"@id\":\"https:\\\/\\\/clusterhabitat.pt\\\/#organization\",\"name\":\"Cluster Habitat Sustent\u00e1vel\",\"url\":\"https:\\\/\\\/clusterhabitat.pt\\\/\",\"logo\":{\"@type\":\"ImageObject\",\"inLanguage\":\"en-US\",\"@id\":\"https:\\\/\\\/clusterhabitat.pt\\\/#\\\/schema\\\/logo\\\/image\\\/\",\"url\":\"https:\\\/\\\/clusterhabitat.pt\\\/wp-content\\\/uploads\\\/2024\\\/01\\\/cropped-Cluster-Logo.png\",\"contentUrl\":\"https:\\\/\\\/clusterhabitat.pt\\\/wp-content\\\/uploads\\\/2024\\\/01\\\/cropped-Cluster-Logo.png\",\"width\":203,\"height\":40,\"caption\":\"Cluster Habitat Sustent\u00e1vel\"},\"image\":{\"@id\":\"https:\\\/\\\/clusterhabitat.pt\\\/#\\\/schema\\\/logo\\\/image\\\/\"},\"sameAs\":[\"https:\\\/\\\/www.facebook.com\\\/clusterhabitat\",\"https:\\\/\\\/x.com\\\/ClusterHabitat\",\"https:\\\/\\\/www.linkedin.com\\\/company\\\/associao-plataforma-para-a-construo-sustentvel\\\/\"]},{\"@type\":\"Person\",\"@id\":\"https:\\\/\\\/clusterhabitat.pt\\\/#\\\/schema\\\/person\\\/5e5eae6b6d2feef1be163561675d9316\",\"name\":\"Marketing\",\"image\":{\"@type\":\"ImageObject\",\"inLanguage\":\"en-US\",\"@id\":\"https:\\\/\\\/clusterhabitat.pt\\\/wp-content\\\/litespeed\\\/avatar\\\/ba32b5ea3f9d75a03670176cf00cd944.jpg?ver=1777434486\",\"url\":\"https:\\\/\\\/clusterhabitat.pt\\\/wp-content\\\/litespeed\\\/avatar\\\/ba32b5ea3f9d75a03670176cf00cd944.jpg?ver=1777434486\",\"contentUrl\":\"https:\\\/\\\/clusterhabitat.pt\\\/wp-content\\\/litespeed\\\/avatar\\\/ba32b5ea3f9d75a03670176cf00cd944.jpg?ver=1777434486\",\"caption\":\"Marketing\"},\"url\":\"https:\\\/\\\/clusterhabitat.pt\\\/en\\\/author\\\/marketing\\\/\"}]}<\/script>\n<!-- \/ Yoast SEO plugin. -->","yoast_head_json":{"title":"International Cooperation Actions of Cluster Habitat Sustent\u00e1vel in Namur, Belgium - Cluster Habitat Sustent\u00e1vel","description":"International Cooperation Actions of Cluster Habitat Sustent\u00e1vel in Namur, Belgium","robots":{"index":"index","follow":"follow","max-snippet":"max-snippet:-1","max-image-preview":"max-image-preview:large","max-video-preview":"max-video-preview:-1"},"canonical":"https:\/\/clusterhabitat.pt\/en\/international-cooperation-actions-of-cluster-habitat-sustentavel-in-namur-belgium\/","og_locale":"en_US","og_type":"article","og_title":"International Cooperation Actions of Cluster Habitat Sustent\u00e1vel in Namur, Belgium - Cluster Habitat Sustent\u00e1vel","og_description":"International Cooperation Actions of Cluster Habitat Sustent\u00e1vel in Namur, Belgium","og_url":"https:\/\/clusterhabitat.pt\/en\/international-cooperation-actions-of-cluster-habitat-sustentavel-in-namur-belgium\/","og_site_name":"Cluster Habitat Sustent\u00e1vel","article_publisher":"https:\/\/www.facebook.com\/clusterhabitat","article_published_time":"2019-05-30T09:45:35+00:00","article_modified_time":"2024-07-29T10:06:59+00:00","og_image":[{"width":2560,"height":1440,"url":"https:\/\/clusterhabitat.pt\/wp-content\/uploads\/2019\/05\/Sem-marca-de-agua-22-scaled.jpg","type":"image\/jpeg"}],"author":"Marketing","twitter_card":"summary_large_image","twitter_creator":"@ClusterHabitat","twitter_site":"@ClusterHabitat","twitter_misc":{"Written by":"Marketing","Est. reading time":"1 minute"},"schema":{"@context":"https:\/\/schema.org","@graph":[{"@type":"Article","@id":"https:\/\/clusterhabitat.pt\/en\/international-cooperation-actions-of-cluster-habitat-sustentavel-in-namur-belgium\/#article","isPartOf":{"@id":"https:\/\/clusterhabitat.pt\/en\/international-cooperation-actions-of-cluster-habitat-sustentavel-in-namur-belgium\/"},"author":{"name":"Marketing","@id":"https:\/\/clusterhabitat.pt\/#\/schema\/person\/5e5eae6b6d2feef1be163561675d9316"},"headline":"International Cooperation Actions of Cluster Habitat Sustent\u00e1vel in Namur, Belgium","datePublished":"2019-05-30T09:45:35+00:00","dateModified":"2024-07-29T10:06:59+00:00","mainEntityOfPage":{"@id":"https:\/\/clusterhabitat.pt\/en\/international-cooperation-actions-of-cluster-habitat-sustentavel-in-namur-belgium\/"},"wordCount":225,"publisher":{"@id":"https:\/\/clusterhabitat.pt\/#organization"},"image":{"@id":"https:\/\/clusterhabitat.pt\/en\/international-cooperation-actions-of-cluster-habitat-sustentavel-in-namur-belgium\/#primaryimage"},"thumbnailUrl":"https:\/\/clusterhabitat.pt\/wp-content\/uploads\/2019\/05\/Sem-marca-de-agua-22-scaled.jpg","articleSection":["News"],"inLanguage":"en-US"},{"@type":"WebPage","@id":"https:\/\/clusterhabitat.pt\/en\/international-cooperation-actions-of-cluster-habitat-sustentavel-in-namur-belgium\/","url":"https:\/\/clusterhabitat.pt\/en\/international-cooperation-actions-of-cluster-habitat-sustentavel-in-namur-belgium\/","name":"International Cooperation Actions of Cluster Habitat Sustent\u00e1vel in Namur, Belgium - Cluster Habitat Sustent\u00e1vel","isPartOf":{"@id":"https:\/\/clusterhabitat.pt\/#website"},"primaryImageOfPage":{"@id":"https:\/\/clusterhabitat.pt\/en\/international-cooperation-actions-of-cluster-habitat-sustentavel-in-namur-belgium\/#primaryimage"},"image":{"@id":"https:\/\/clusterhabitat.pt\/en\/international-cooperation-actions-of-cluster-habitat-sustentavel-in-namur-belgium\/#primaryimage"},"thumbnailUrl":"https:\/\/clusterhabitat.pt\/wp-content\/uploads\/2019\/05\/Sem-marca-de-agua-22-scaled.jpg","datePublished":"2019-05-30T09:45:35+00:00","dateModified":"2024-07-29T10:06:59+00:00","description":"International Cooperation Actions of Cluster Habitat Sustent\u00e1vel in Namur, Belgium","breadcrumb":{"@id":"https:\/\/clusterhabitat.pt\/en\/international-cooperation-actions-of-cluster-habitat-sustentavel-in-namur-belgium\/#breadcrumb"},"inLanguage":"en-US","potentialAction":[{"@type":"ReadAction","target":["https:\/\/clusterhabitat.pt\/en\/international-cooperation-actions-of-cluster-habitat-sustentavel-in-namur-belgium\/"]}]},{"@type":"ImageObject","inLanguage":"en-US","@id":"https:\/\/clusterhabitat.pt\/en\/international-cooperation-actions-of-cluster-habitat-sustentavel-in-namur-belgium\/#primaryimage","url":"https:\/\/clusterhabitat.pt\/wp-content\/uploads\/2019\/05\/Sem-marca-de-agua-22-scaled.jpg","contentUrl":"https:\/\/clusterhabitat.pt\/wp-content\/uploads\/2019\/05\/Sem-marca-de-agua-22-scaled.jpg","width":2560,"height":1440},{"@type":"BreadcrumbList","@id":"https:\/\/clusterhabitat.pt\/en\/international-cooperation-actions-of-cluster-habitat-sustentavel-in-namur-belgium\/#breadcrumb","itemListElement":[{"@type":"ListItem","position":1,"name":"In\u00edcio","item":"https:\/\/clusterhabitat.pt\/en\/"},{"@type":"ListItem","position":2,"name":"International Cooperation Actions of Cluster Habitat Sustent\u00e1vel in Namur, Belgium"}]},{"@type":"WebSite","@id":"https:\/\/clusterhabitat.pt\/#website","url":"https:\/\/clusterhabitat.pt\/","name":"Cluster Habitat Sustent\u00e1vel","description":"","publisher":{"@id":"https:\/\/clusterhabitat.pt\/#organization"},"potentialAction":[{"@type":"SearchAction","target":{"@type":"EntryPoint","urlTemplate":"https:\/\/clusterhabitat.pt\/?s={search_term_string}"},"query-input":{"@type":"PropertyValueSpecification","valueRequired":true,"valueName":"search_term_string"}}],"inLanguage":"en-US"},{"@type":"Organization","@id":"https:\/\/clusterhabitat.pt\/#organization","name":"Cluster Habitat Sustent\u00e1vel","url":"https:\/\/clusterhabitat.pt\/","logo":{"@type":"ImageObject","inLanguage":"en-US","@id":"https:\/\/clusterhabitat.pt\/#\/schema\/logo\/image\/","url":"https:\/\/clusterhabitat.pt\/wp-content\/uploads\/2024\/01\/cropped-Cluster-Logo.png","contentUrl":"https:\/\/clusterhabitat.pt\/wp-content\/uploads\/2024\/01\/cropped-Cluster-Logo.png","width":203,"height":40,"caption":"Cluster Habitat Sustent\u00e1vel"},"image":{"@id":"https:\/\/clusterhabitat.pt\/#\/schema\/logo\/image\/"},"sameAs":["https:\/\/www.facebook.com\/clusterhabitat","https:\/\/x.com\/ClusterHabitat","https:\/\/www.linkedin.com\/company\/associao-plataforma-para-a-construo-sustentvel\/"]},{"@type":"Person","@id":"https:\/\/clusterhabitat.pt\/#\/schema\/person\/5e5eae6b6d2feef1be163561675d9316","name":"Marketing","image":{"@type":"ImageObject","inLanguage":"en-US","@id":"https:\/\/clusterhabitat.pt\/wp-content\/litespeed\/avatar\/ba32b5ea3f9d75a03670176cf00cd944.jpg?ver=1777434486","url":"https:\/\/clusterhabitat.pt\/wp-content\/litespeed\/avatar\/ba32b5ea3f9d75a03670176cf00cd944.jpg?ver=1777434486","contentUrl":"https:\/\/clusterhabitat.pt\/wp-content\/litespeed\/avatar\/ba32b5ea3f9d75a03670176cf00cd944.jpg?ver=1777434486","caption":"Marketing"},"url":"https:\/\/clusterhabitat.pt\/en\/author\/marketing\/"}]}},"_links":{"self":[{"href":"https:\/\/clusterhabitat.pt\/en\/wp-json\/wp\/v2\/posts\/8253","targetHints":{"allow":["GET"]}}],"collection":[{"href":"https:\/\/clusterhabitat.pt\/en\/wp-json\/wp\/v2\/posts"}],"about":[{"href":"https:\/\/clusterhabitat.pt\/en\/wp-json\/wp\/v2\/types\/post"}],"author":[{"embeddable":true,"href":"https:\/\/clusterhabitat.pt\/en\/wp-json\/wp\/v2\/users\/3"}],"replies":[{"embeddable":true,"href":"https:\/\/clusterhabitat.pt\/en\/wp-json\/wp\/v2\/comments?post=8253"}],"version-history":[{"count":1,"href":"https:\/\/clusterhabitat.pt\/en\/wp-json\/wp\/v2\/posts\/8253\/revisions"}],"predecessor-version":[{"id":8254,"href":"https:\/\/clusterhabitat.pt\/en\/wp-json\/wp\/v2\/posts\/8253\/revisions\/8254"}],"wp:featuredmedia":[{"embeddable":true,"href":"https:\/\/clusterhabitat.pt\/en\/wp-json\/wp\/v2\/media\/8251"}],"wp:attachment":[{"href":"https:\/\/clusterhabitat.pt\/en\/wp-json\/wp\/v2\/media?parent=8253"}],"wp:term":[{"taxonomy":"category","embeddable":true,"href":"https:\/\/clusterhabitat.pt\/en\/wp-json\/wp\/v2\/categories?post=8253"},{"taxonomy":"post_tag","embeddable":true,"href":"https:\/\/clusterhabitat.pt\/en\/wp-json\/wp\/v2\/tags?post=8253"}],"curies":[{"name":"wp","href":"https:\/\/api.w.org\/{rel}","templated":true}]}}